{"id":48,"date":"2024-01-04T16:34:05","date_gmt":"2024-01-04T19:34:05","guid":{"rendered":"https:\/\/selopack.com.br\/blog\/?p=48"},"modified":"2024-01-04T16:37:11","modified_gmt":"2024-01-04T19:37:11","slug":"embalagens-para-cafe-a-importancia-de-preservar-o-aroma-e-a-qualidade","status":"publish","type":"post","link":"https:\/\/www.selopack.com.br\/blog\/embalagens-para-cafe\/embalagens-para-cafe-a-importancia-de-preservar-o-aroma-e-a-qualidade\/","title":{"rendered":"Embalagens para caf\u00e9: a import\u00e2ncia de preservar o aroma e a qualidade"},"content":{"rendered":"<span class=\"span-reading-time rt-reading-time\" style=\"display: block;\"><span class=\"rt-label rt-prefix\">Tempo de leitura:<\/span> <span class=\"rt-time\"> 3<\/span> <span class=\"rt-label rt-postfix\">minutos<\/span><\/span>\n<p class=\"has-medium-font-size wp-block-paragraph\"><strong><em>Saiba mais sobre as embalagens para caf\u00e9 da Selopack, seus diferenciais e principais benef\u00edcios.&nbsp;<\/em><\/strong><\/p>\n\n\n\n<p class=\"wp-block-paragraph\">O caf\u00e9 \u00e9 uma das bebidas mais consumidas no mundo, e sua embalagem \u00e9 essencial para preservar o aroma e a qualidade do produto.&nbsp;<\/p>\n\n\n\n<p class=\"wp-block-paragraph\">Por isso, \u00e9 importante escolher uma embalagem que seja adequada para o tipo de caf\u00e9 e que ofere\u00e7a a prote\u00e7\u00e3o necess\u00e1ria.<\/p>\n\n\n\n<p class=\"wp-block-paragraph\">A <a href=\"https:\/\/www.selopack.com.br\/\">Selopack<\/a> \u00e9 uma empresa especializada em embalagens para caf\u00e9, e oferece uma linha completa de produtos para atender \u00e0s diferentes necessidades dos produtores e consumidores.&nbsp;<\/p>\n\n\n\n<p class=\"wp-block-paragraph\">As embalagens da <a href=\"https:\/\/www.selopack.com.br\/\">Selopack<\/a> s\u00e3o fabricadas com materiais de alta qualidade e tecnologia, e s\u00e3o capazes de reter o aroma do caf\u00e9 por mais tempo.<\/p>\n\n\n\n<ul class=\"wp-block-list\">\n<li><a href=\"https:\/\/selopack.com.br\/blog\/embalagens-para-queijos\/selopack-embalagens-para-queijos-de-excelencia\/\">Selopack: embalagens para queijos de excel\u00eancia<\/a><\/li>\n<\/ul>\n\n\n\n<div id=\"ez-toc-container\" class=\"ez-toc-v2_0_71 counter-hierarchy ez-toc-counter ez-toc-grey ez-toc-container-direction\">\n<div class=\"ez-toc-title-container\">\n<p class=\"ez-toc-title\" style=\"cursor:inherit\">Sum\u00e1rio<\/p>\n<span class=\"ez-toc-title-toggle\"><a href=\"#\" class=\"ez-toc-pull-right ez-toc-btn ez-toc-btn-xs ez-toc-btn-default ez-toc-toggle\" aria-label=\"Toggle Table of Content\"><span class=\"ez-toc-js-icon-con\"><span class=\"\"><span class=\"eztoc-hide\" style=\"display:none;\">Toggle<\/span><span class=\"ez-toc-icon-toggle-span\"><svg style=\"fill: #999;color:#999\" xmlns=\"http:\/\/www.w3.org\/2000\/svg\" class=\"list-377408\" width=\"20px\" height=\"20px\" viewBox=\"0 0 24 24\" fill=\"none\"><path d=\"M6 6H4v2h2V6zm14 0H8v2h12V6zM4 11h2v2H4v-2zm16 0H8v2h12v-2zM4 16h2v2H4v-2zm16 0H8v2h12v-2z\" fill=\"currentColor\"><\/path><\/svg><svg style=\"fill: #999;color:#999\" class=\"arrow-unsorted-368013\" xmlns=\"http:\/\/www.w3.org\/2000\/svg\" width=\"10px\" height=\"10px\" viewBox=\"0 0 24 24\" version=\"1.2\" baseProfile=\"tiny\"><path d=\"M18.2 9.3l-6.2-6.3-6.2 6.3c-.2.2-.3.4-.3.7s.1.5.3.7c.2.2.4.3.7.3h11c.3 0 .5-.1.7-.3.2-.2.3-.5.3-.7s-.1-.5-.3-.7zM5.8 14.7l6.2 6.3 6.2-6.3c.2-.2.3-.5.3-.7s-.1-.5-.3-.7c-.2-.2-.4-.3-.7-.3h-11c-.3 0-.5.1-.7.3-.2.2-.3.5-.3.7s.1.5.3.7z\"\/><\/svg><\/span><\/span><\/span><\/a><\/span><\/div>\n<nav><ul class='ez-toc-list ez-toc-list-level-1 ' ><li class='ez-toc-page-1 ez-toc-heading-level-2'><a class=\"ez-toc-link ez-toc-heading-1\" href=\"https:\/\/www.selopack.com.br\/blog\/embalagens-para-cafe\/embalagens-para-cafe-a-importancia-de-preservar-o-aroma-e-a-qualidade\/#Os_tipos_de_embalagens_para_cafe\" title=\"Os tipos de embalagens para caf\u00e9\">Os tipos de embalagens para caf\u00e9<\/a><ul class='ez-toc-list-level-3' ><li class='ez-toc-heading-level-3'><a class=\"ez-toc-link ez-toc-heading-2\" href=\"https:\/\/www.selopack.com.br\/blog\/embalagens-para-cafe\/embalagens-para-cafe-a-importancia-de-preservar-o-aroma-e-a-qualidade\/#A_importancia_de_reter_o_aroma_do_cafe\" title=\"A import\u00e2ncia de reter o aroma do caf\u00e9\">A import\u00e2ncia de reter o aroma do caf\u00e9<\/a><\/li><\/ul><\/li><li class='ez-toc-page-1 ez-toc-heading-level-2'><a class=\"ez-toc-link ez-toc-heading-3\" href=\"https:\/\/www.selopack.com.br\/blog\/embalagens-para-cafe\/embalagens-para-cafe-a-importancia-de-preservar-o-aroma-e-a-qualidade\/#Selopack_a_melhor_opcao_para_embalagens_para_cafe\" title=\"Selopack: a melhor op\u00e7\u00e3o para embalagens para caf\u00e9\">Selopack: a melhor op\u00e7\u00e3o para embalagens para caf\u00e9<\/a><\/li><\/ul><\/nav><\/div>\n<h2 class=\"wp-block-heading\"><span class=\"ez-toc-section\" id=\"Os_tipos_de_embalagens_para_cafe\"><\/span>Os tipos de embalagens para caf\u00e9<span class=\"ez-toc-section-end\"><\/span><\/h2>\n\n\n<div class=\"wp-block-image\">\n<figure class=\"aligncenter size-full is-resized\"><img loading=\"lazy\" decoding=\"async\" width=\"1000\" height=\"709\" src=\"https:\/\/selopack.com.br\/blog\/wp-content\/uploads\/2024\/01\/background-roasted-fresh-brown-coffee-beans-perfect-cool-wallpaper.jpg\" alt=\"Embalagens para caf\u00e9: a import\u00e2ncia de preservar o aroma e a qualidade\" class=\"wp-image-50\" style=\"width:326px;height:auto\" srcset=\"https:\/\/www.selopack.com.br\/blog\/wp-content\/uploads\/2024\/01\/background-roasted-fresh-brown-coffee-beans-perfect-cool-wallpaper.jpg 1000w, https:\/\/www.selopack.com.br\/blog\/wp-content\/uploads\/2024\/01\/background-roasted-fresh-brown-coffee-beans-perfect-cool-wallpaper-300x213.jpg 300w, https:\/\/www.selopack.com.br\/blog\/wp-content\/uploads\/2024\/01\/background-roasted-fresh-brown-coffee-beans-perfect-cool-wallpaper-768x545.jpg 768w, https:\/\/www.selopack.com.br\/blog\/wp-content\/uploads\/2024\/01\/background-roasted-fresh-brown-coffee-beans-perfect-cool-wallpaper-321x229.jpg 321w\" sizes=\"auto, (max-width: 1000px) 100vw, 1000px\" \/><\/figure>\n<\/div>\n\n\n<p class=\"wp-block-paragraph\">As embalagens para caf\u00e9 podem ser divididas em tr\u00eas tipos principais:<\/p>\n\n\n\n<ul class=\"wp-block-list\">\n<li><strong>Embalagens de pl\u00e1stico:<\/strong> s\u00e3o as embalagens mais comuns, e s\u00e3o feitas de polietileno (PE) ou polipropileno (PP).<br><br>Este tipo de embalagem oferece uma boa prote\u00e7\u00e3o contra a entrada de oxig\u00eanio e umidade, e \u00e9 resistente a impactos.<br><\/li>\n\n\n\n<li><strong>Embalagens metalizadas: <\/strong>s\u00e3o as embalagens mais modernas para caf\u00e9, e s\u00e3o feitas de um material composto por pl\u00e1stico e alum\u00ednio.<br><br>Este tipo de embalagem oferece a melhor prote\u00e7\u00e3o contra a entrada de oxig\u00eanio e umidade, e tamb\u00e9m protege o caf\u00e9 da luz.<\/li>\n<\/ul>\n\n\n\n<ul class=\"wp-block-list\">\n<li><a href=\"https:\/\/selopack.com.br\/blog\/termoencolhiveis\/como-escolher-os-melhores-termoencolhiveis-para-suas-necessidades\/\" target=\"_blank\" rel=\"noreferrer noopener\">Como escolher os melhores termoencolh\u00edveis para suas necessidades<\/a><\/li>\n<\/ul>\n\n\n\n<h3 class=\"wp-block-heading\"><span class=\"ez-toc-section\" id=\"A_importancia_de_reter_o_aroma_do_cafe\"><\/span>A import\u00e2ncia de reter o aroma do caf\u00e9<span class=\"ez-toc-section-end\"><\/span><\/h3>\n\n\n\n<p class=\"wp-block-paragraph\">O aroma do caf\u00e9 \u00e9 um dos fatores que mais influenciam a escolha do consumidor.<br><br>Por isso, \u00e9 importante que as embalagens sejam capazes de reter o aroma do produto por mais tempo.<\/p>\n\n\n\n<p class=\"wp-block-paragraph\">As embalagens metalizadas da <a href=\"https:\/\/www.selopack.com.br\/\">Selopack<\/a> s\u00e3o as mais eficazes na reten\u00e7\u00e3o do aroma do caf\u00e9.<br><br>Isso porque o alum\u00ednio \u00e9 um material que impede a passagem de gases, o que evita que o aroma do caf\u00e9 se dissipe.<\/p>\n\n\n\n<ul class=\"wp-block-list\">\n<li><a href=\"https:\/\/selopack.com.br\/blog\/embalagens-para-alimentos\/empresa-de-embalagens-para-alimentos-em-sao-paulo-o-que-avaliar-ao-escolher-uma\/\" target=\"_blank\" rel=\"noreferrer noopener\">Empresa de embalagens para alimentos em S\u00e3o Paulo: o que avaliar ao escolher uma?<\/a><\/li>\n<\/ul>\n\n\n\n<h2 class=\"wp-block-heading\"><span class=\"ez-toc-section\" id=\"Selopack_a_melhor_opcao_para_embalagens_para_cafe\"><\/span>Selopack: a melhor op\u00e7\u00e3o para embalagens para caf\u00e9<span class=\"ez-toc-section-end\"><\/span><\/h2>\n\n\n\n<p class=\"wp-block-paragraph\">A <a href=\"https:\/\/www.selopack.com.br\/\">Selopack<\/a> \u00e9 a melhor op\u00e7\u00e3o para quem busca embalagens de alta qualidade, que ofere\u00e7am a prote\u00e7\u00e3o necess\u00e1ria para preservar o aroma e a qualidade do produto.<\/p>\n\n\n\n<p class=\"wp-block-paragraph\">A empresa oferece uma linha completa de produtos para atender \u00e0s diferentes necessidades dos produtores e consumidores, e conta com uma equipe de profissionais experientes que est\u00e3o sempre \u00e0 disposi\u00e7\u00e3o para ajudar os clientes a escolher a embalagem ideal.<\/p>\n\n\n\n<p class=\"has-text-align-center wp-block-paragraph\"><strong>Conhe\u00e7a as embalagens para caf\u00e9 da Selopack!<\/strong><\/p>\n\n\n\n<p class=\"wp-block-paragraph\">Acesse o site da <a href=\"https:\/\/www.selopack.com.br\/\">Selopack<\/a> e conhe\u00e7a as embalagens que nossa empresa oferece. Voc\u00ea vai encontrar uma linha completa de produtos de alta qualidade, que ir\u00e3o garantir a prote\u00e7\u00e3o e o aroma do seu caf\u00e9.<\/p>\n\n\n\n<p class=\"wp-block-paragraph\"><a href=\"https:\/\/www.selopack.com.br\/contato\/\">Solicite o seu or\u00e7amento<\/a> com um de nossos consultores!<\/p>\n","protected":false},"excerpt":{"rendered":"<p><span class=\"span-reading-time rt-reading-time\" style=\"display: block;\"><span class=\"rt-label rt-prefix\">Tempo de leitura:<\/span> <span class=\"rt-time\"> 3<\/span> <span class=\"rt-label rt-postfix\">minutos<\/span><\/span>Saiba mais sobre as embalagens para caf\u00e9 da Selopack, seus diferenciais e principais benef\u00edcios.&nbsp; O caf\u00e9 \u00e9 uma das bebidas mais consumidas no mundo, e sua embalagem \u00e9 essencial para preservar o aroma e a qualidade do produto.&nbsp; Por isso, \u00e9 importante escolher uma embalagem &hellip; <\/p>\n","protected":false},"author":2,"featured_media":49,"comment_status":"open","ping_status":"closed","sticky":false,"template":"","format":"standard","meta":{"footnotes":""},"categories":[1201],"tags":[1206,1202,1205,1204,1203,1253,1259,1265,1241,1235,1247,1254,1260,1266,1242,1236,1248,1249,1255,1261,1237,1231,1243,1252,1258,1264,1240,1234,1246,1211,1212,1207,1210,1209,1208,1217,1218,1213,1216,1215,1214,1223,1224,1219,1222,1221,1220,1229,1230,1225,1228,1227,1226,1251,1257,1263,1239,1233,1245,1250,1256,1262,1238,1232,1244],"class_list":["post-48","post","type-post","status-publish","format-standard","has-post-thumbnail","hentry","category-embalagens-para-cafe","tag-comprar-embalagem-para-cafe","tag-comprar-embalagens-para-cafe","tag-comprar-embalagens-personalizadas-para-cafe","tag-comprar-pouches-de-cafe","tag-comprar-sacos-de-cafe","tag-embalagem-para-cafe-em-diadema","tag-embalagem-para-cafe-em-sao-bernardo","tag-embalagem-para-cafe-em-sao-caetano","tag-embalagem-para-cafe-em-sao-paulo","tag-embalagem-para-cafe-em-sp","tag-embalagem-para-cafe-no-abc","tag-embalagens-de-cafe-por-atacado-em-diadema","tag-embalagens-de-cafe-por-atacado-em-sao-bernardo","tag-embalagens-de-cafe-por-atacado-em-sao-caetano","tag-embalagens-de-cafe-por-atacado-em-sao-paulo","tag-embalagens-de-cafe-por-atacado-em-sp","tag-embalagens-de-cafe-por-atacado-no-abc","tag-embalagens-para-cafe-em-diadema","tag-embalagens-para-cafe-em-sao-bernardo","tag-embalagens-para-cafe-em-sao-caetano","tag-embalagens-para-cafe-em-sao-paulo","tag-embalagens-para-cafe-em-sp","tag-embalagens-para-cafe-no-abc","tag-embalagens-personalizadas-para-cafe-em-diadema","tag-embalagens-personalizadas-para-cafe-em-sao-bernardo","tag-embalagens-personalizadas-para-cafe-em-sao-caetano","tag-embalagens-personalizadas-para-cafe-em-sao-paulo","tag-embalagens-personalizadas-para-cafe-em-sp","tag-embalagens-personalizadas-para-cafe-no-abc","tag-empresa-de-embalagem-para-cafe","tag-empresa-de-embalagens-de-cafe-por-atacado","tag-empresa-de-embalagens-para-cafe","tag-empresa-de-embalagens-personalizadas-para-cafe","tag-empresa-de-pouches-de-cafe","tag-empresa-de-sacos-de-cafe","tag-fabrica-de-embalagem-para-cafe","tag-fabrica-de-embalagens-de-cafe-por-atacado","tag-fabrica-de-embalagens-para-cafe","tag-fabrica-de-embalagens-personalizadas-para-cafe","tag-fabrica-de-pouches-de-cafe","tag-fabrica-de-sacos-de-cafe","tag-fabricante-de-embalagem-para-cafe","tag-fabricante-de-embalagens-de-cafe-por-atacado","tag-fabricante-de-embalagens-para-cafe","tag-fabricante-de-embalagens-personalizadas-para-cafe","tag-fabricante-de-pouches-de-cafe","tag-fabricante-de-sacos-de-cafe","tag-fornecedor-de-embalagem-para-cafe","tag-fornecedor-de-embalagens-de-cafe-por-atacado","tag-fornecedor-de-embalagens-para-cafe","tag-fornecedor-de-embalagens-personalizadas-para-cafe","tag-fornecedor-de-pouches-de-cafe","tag-fornecedor-de-sacos-de-cafe","tag-pouches-de-cafe-em-diadema","tag-pouches-de-cafe-em-sao-bernardo","tag-pouches-de-cafe-em-sao-caetano","tag-pouches-de-cafe-em-sao-paulo","tag-pouches-de-cafe-em-sp","tag-pouches-de-cafe-no-abc","tag-sacos-de-cafe-em-diadema","tag-sacos-de-cafe-em-sao-bernardo","tag-sacos-de-cafe-em-sao-caetano","tag-sacos-de-cafe-em-sao-paulo","tag-sacos-de-cafe-em-sp","tag-sacos-de-cafe-no-abc"],"yoast_head":"<!-- This site is optimized with the Yoast SEO plugin v24.2 - https:\/\/yoast.com\/wordpress\/plugins\/seo\/ -->\n<title>Embalagens para caf\u00e9: a import\u00e2ncia de preservar o aroma e a qualidade - Selopack<\/title>\n<meta name=\"description\" content=\"Saiba mais sobre as embalagens para caf\u00e9 da Selopack, seus diferenciais e principais benef\u00edcios.\u00a0Confira em nosso blog!\" \/>\n<meta name=\"robots\" content=\"noindex, follow, max-snippet:-1, max-image-preview:large, max-video-preview:-1\" \/>\n<meta property=\"og:locale\" content=\"pt_BR\" \/>\n<meta property=\"og:type\" content=\"article\" \/>\n<meta property=\"og:title\" content=\"Embalagens para caf\u00e9: a import\u00e2ncia de preservar o aroma e a qualidade - Selopack\" \/>\n<meta property=\"og:description\" content=\"Saiba mais sobre as embalagens para caf\u00e9 da Selopack, seus diferenciais e principais benef\u00edcios.\u00a0Confira em nosso blog!\" \/>\n<meta property=\"og:url\" content=\"https:\/\/www.selopack.com.br\/blog\/embalagens-para-cafe\/embalagens-para-cafe-a-importancia-de-preservar-o-aroma-e-a-qualidade\/\" \/>\n<meta property=\"og:site_name\" content=\"Selopack\" \/>\n<meta property=\"article:published_time\" content=\"2024-01-04T19:34:05+00:00\" \/>\n<meta property=\"article:modified_time\" content=\"2024-01-04T19:37:11+00:00\" \/>\n<meta property=\"og:image\" content=\"https:\/\/www.selopack.com.br\/blog\/wp-content\/uploads\/2024\/01\/embalagens-para-cafe.jpg\" \/>\n\t<meta property=\"og:image:width\" content=\"1000\" \/>\n\t<meta property=\"og:image:height\" content=\"1000\" \/>\n\t<meta property=\"og:image:type\" content=\"image\/jpeg\" \/>\n<meta name=\"author\" content=\"admin\" \/>\n<meta name=\"twitter:card\" content=\"summary_large_image\" \/>\n<meta name=\"twitter:label1\" content=\"Escrito por\" \/>\n\t<meta name=\"twitter:data1\" content=\"admin\" \/>\n\t<meta name=\"twitter:label2\" content=\"Est. tempo de leitura\" \/>\n\t<meta name=\"twitter:data2\" content=\"3 minutos\" \/>\n<script type=\"application\/ld+json\" class=\"yoast-schema-graph\">{\"@context\":\"https:\/\/schema.org\",\"@graph\":[{\"@type\":\"Article\",\"@id\":\"https:\/\/www.selopack.com.br\/blog\/embalagens-para-cafe\/embalagens-para-cafe-a-importancia-de-preservar-o-aroma-e-a-qualidade\/#article\",\"isPartOf\":{\"@id\":\"https:\/\/www.selopack.com.br\/blog\/embalagens-para-cafe\/embalagens-para-cafe-a-importancia-de-preservar-o-aroma-e-a-qualidade\/\"},\"author\":{\"name\":\"admin\",\"@id\":\"https:\/\/www.selopack.com.br\/blog\/#\/schema\/person\/3be1f1a8813bdca19485331225197583\"},\"headline\":\"Embalagens para caf\u00e9: a import\u00e2ncia de preservar o aroma e a qualidade\",\"datePublished\":\"2024-01-04T19:34:05+00:00\",\"dateModified\":\"2024-01-04T19:37:11+00:00\",\"mainEntityOfPage\":{\"@id\":\"https:\/\/www.selopack.com.br\/blog\/embalagens-para-cafe\/embalagens-para-cafe-a-importancia-de-preservar-o-aroma-e-a-qualidade\/\"},\"wordCount\":482,\"commentCount\":0,\"publisher\":{\"@id\":\"https:\/\/www.selopack.com.br\/blog\/#organization\"},\"image\":{\"@id\":\"https:\/\/www.selopack.com.br\/blog\/embalagens-para-cafe\/embalagens-para-cafe-a-importancia-de-preservar-o-aroma-e-a-qualidade\/#primaryimage\"},\"thumbnailUrl\":\"https:\/\/www.selopack.com.br\/blog\/wp-content\/uploads\/2024\/01\/embalagens-para-cafe.jpg\",\"keywords\":[\"comprar embalagem para caf\u00e9\",\"comprar Embalagens para caf\u00e9\",\"comprar Embalagens personalizadas para caf\u00e9\",\"comprar Pouches de caf\u00e9\",\"comprar Sacos de caf\u00e9\",\"embalagem para caf\u00e9 em Diadema\",\"embalagem para caf\u00e9 em S\u00e3o Bernardo\",\"embalagem para caf\u00e9 em S\u00e3o Caetano\",\"embalagem para caf\u00e9 em s\u00e3o paulo\",\"embalagem para caf\u00e9 em sp\",\"embalagem para caf\u00e9 no ABC\",\"Embalagens de caf\u00e9 por atacado em Diadema\",\"Embalagens de caf\u00e9 por atacado em S\u00e3o Bernardo\",\"Embalagens de caf\u00e9 por atacado em S\u00e3o Caetano\",\"Embalagens de caf\u00e9 por atacado em s\u00e3o paulo\",\"Embalagens de caf\u00e9 por atacado em sp\",\"Embalagens de caf\u00e9 por atacado no ABC\",\"Embalagens para caf\u00e9 em Diadema\",\"Embalagens para caf\u00e9 em S\u00e3o Bernardo\",\"Embalagens para caf\u00e9 em S\u00e3o Caetano\",\"Embalagens para caf\u00e9 em s\u00e3o paulo\",\"Embalagens para caf\u00e9 em sp\",\"Embalagens para caf\u00e9 no ABC\",\"Embalagens personalizadas para caf\u00e9 em Diadema\",\"Embalagens personalizadas para caf\u00e9 em S\u00e3o Bernardo\",\"Embalagens personalizadas para caf\u00e9 em S\u00e3o Caetano\",\"Embalagens personalizadas para caf\u00e9 em s\u00e3o paulo\",\"Embalagens personalizadas para caf\u00e9 em sp\",\"Embalagens personalizadas para caf\u00e9 no ABC\",\"empresa de embalagem para caf\u00e9\",\"empresa de Embalagens de caf\u00e9 por atacado\",\"empresa de Embalagens para caf\u00e9\",\"empresa de Embalagens personalizadas para caf\u00e9\",\"empresa de Pouches de caf\u00e9\",\"empresa de Sacos de caf\u00e9\",\"f\u00e1brica de embalagem para caf\u00e9\",\"f\u00e1brica de Embalagens de caf\u00e9 por atacado\",\"f\u00e1brica de Embalagens para caf\u00e9\",\"f\u00e1brica de Embalagens personalizadas para caf\u00e9\",\"f\u00e1brica de Pouches de caf\u00e9\",\"f\u00e1brica de Sacos de caf\u00e9\",\"fabricante de embalagem para caf\u00e9\",\"fabricante de Embalagens de caf\u00e9 por atacado\",\"fabricante de Embalagens para caf\u00e9\",\"fabricante de Embalagens personalizadas para caf\u00e9\",\"fabricante de Pouches de caf\u00e9\",\"fabricante de Sacos de caf\u00e9\",\"fornecedor de embalagem para caf\u00e9\",\"fornecedor de Embalagens de caf\u00e9 por atacado\",\"fornecedor de Embalagens para caf\u00e9\",\"fornecedor de Embalagens personalizadas para caf\u00e9\",\"fornecedor de Pouches de caf\u00e9\",\"fornecedor de Sacos de caf\u00e9\",\"Pouches de caf\u00e9 em Diadema\",\"Pouches de caf\u00e9 em S\u00e3o Bernardo\",\"Pouches de caf\u00e9 em S\u00e3o Caetano\",\"Pouches de caf\u00e9 em s\u00e3o paulo\",\"Pouches de caf\u00e9 em sp\",\"Pouches de caf\u00e9 no ABC\",\"Sacos de caf\u00e9 em Diadema\",\"Sacos de caf\u00e9 em S\u00e3o Bernardo\",\"Sacos de caf\u00e9 em S\u00e3o Caetano\",\"Sacos de caf\u00e9 em s\u00e3o paulo\",\"Sacos de caf\u00e9 em sp\",\"Sacos de caf\u00e9 no ABC\"],\"articleSection\":[\"embalagens para caf\u00e9\"],\"inLanguage\":\"pt-BR\",\"potentialAction\":[{\"@type\":\"CommentAction\",\"name\":\"Comment\",\"target\":[\"https:\/\/www.selopack.com.br\/blog\/embalagens-para-cafe\/embalagens-para-cafe-a-importancia-de-preservar-o-aroma-e-a-qualidade\/#respond\"]}]},{\"@type\":\"WebPage\",\"@id\":\"https:\/\/www.selopack.com.br\/blog\/embalagens-para-cafe\/embalagens-para-cafe-a-importancia-de-preservar-o-aroma-e-a-qualidade\/\",\"url\":\"https:\/\/www.selopack.com.br\/blog\/embalagens-para-cafe\/embalagens-para-cafe-a-importancia-de-preservar-o-aroma-e-a-qualidade\/\",\"name\":\"Embalagens para caf\u00e9: a import\u00e2ncia de preservar o aroma e a qualidade - Selopack\",\"isPartOf\":{\"@id\":\"https:\/\/www.selopack.com.br\/blog\/#website\"},\"primaryImageOfPage\":{\"@id\":\"https:\/\/www.selopack.com.br\/blog\/embalagens-para-cafe\/embalagens-para-cafe-a-importancia-de-preservar-o-aroma-e-a-qualidade\/#primaryimage\"},\"image\":{\"@id\":\"https:\/\/www.selopack.com.br\/blog\/embalagens-para-cafe\/embalagens-para-cafe-a-importancia-de-preservar-o-aroma-e-a-qualidade\/#primaryimage\"},\"thumbnailUrl\":\"https:\/\/www.selopack.com.br\/blog\/wp-content\/uploads\/2024\/01\/embalagens-para-cafe.jpg\",\"datePublished\":\"2024-01-04T19:34:05+00:00\",\"dateModified\":\"2024-01-04T19:37:11+00:00\",\"description\":\"Saiba mais sobre as embalagens para caf\u00e9 da Selopack, seus diferenciais e principais benef\u00edcios.\u00a0Confira em nosso blog!\",\"breadcrumb\":{\"@id\":\"https:\/\/www.selopack.com.br\/blog\/embalagens-para-cafe\/embalagens-para-cafe-a-importancia-de-preservar-o-aroma-e-a-qualidade\/#breadcrumb\"},\"inLanguage\":\"pt-BR\",\"potentialAction\":[{\"@type\":\"ReadAction\",\"target\":[\"https:\/\/www.selopack.com.br\/blog\/embalagens-para-cafe\/embalagens-para-cafe-a-importancia-de-preservar-o-aroma-e-a-qualidade\/\"]}]},{\"@type\":\"ImageObject\",\"inLanguage\":\"pt-BR\",\"@id\":\"https:\/\/www.selopack.com.br\/blog\/embalagens-para-cafe\/embalagens-para-cafe-a-importancia-de-preservar-o-aroma-e-a-qualidade\/#primaryimage\",\"url\":\"https:\/\/www.selopack.com.br\/blog\/wp-content\/uploads\/2024\/01\/embalagens-para-cafe.jpg\",\"contentUrl\":\"https:\/\/www.selopack.com.br\/blog\/wp-content\/uploads\/2024\/01\/embalagens-para-cafe.jpg\",\"width\":1000,\"height\":1000,\"caption\":\"Embalagens para caf\u00e9: a import\u00e2ncia de preservar o aroma e a qualidade\"},{\"@type\":\"BreadcrumbList\",\"@id\":\"https:\/\/www.selopack.com.br\/blog\/embalagens-para-cafe\/embalagens-para-cafe-a-importancia-de-preservar-o-aroma-e-a-qualidade\/#breadcrumb\",\"itemListElement\":[{\"@type\":\"ListItem\",\"position\":1,\"name\":\"In\u00edcio\",\"item\":\"https:\/\/www.selopack.com.br\/blog\/\"},{\"@type\":\"ListItem\",\"position\":2,\"name\":\"Embalagens para caf\u00e9: a import\u00e2ncia de preservar o aroma e a qualidade\"}]},{\"@type\":\"WebSite\",\"@id\":\"https:\/\/www.selopack.com.br\/blog\/#website\",\"url\":\"https:\/\/www.selopack.com.br\/blog\/\",\"name\":\"Selopack\",\"description\":\"Selopack Blog\",\"publisher\":{\"@id\":\"https:\/\/www.selopack.com.br\/blog\/#organization\"},\"potentialAction\":[{\"@type\":\"SearchAction\",\"target\":{\"@type\":\"EntryPoint\",\"urlTemplate\":\"https:\/\/www.selopack.com.br\/blog\/?s={search_term_string}\"},\"query-input\":{\"@type\":\"PropertyValueSpecification\",\"valueRequired\":true,\"valueName\":\"search_term_string\"}}],\"inLanguage\":\"pt-BR\"},{\"@type\":\"Organization\",\"@id\":\"https:\/\/www.selopack.com.br\/blog\/#organization\",\"name\":\"Selopack\",\"url\":\"https:\/\/www.selopack.com.br\/blog\/\",\"logo\":{\"@type\":\"ImageObject\",\"inLanguage\":\"pt-BR\",\"@id\":\"https:\/\/www.selopack.com.br\/blog\/#\/schema\/logo\/image\/\",\"url\":\"https:\/\/www.selopack.com.br\/blog\/wp-content\/uploads\/2023\/08\/logo.png\",\"contentUrl\":\"https:\/\/www.selopack.com.br\/blog\/wp-content\/uploads\/2023\/08\/logo.png\",\"width\":200,\"height\":80,\"caption\":\"Selopack\"},\"image\":{\"@id\":\"https:\/\/www.selopack.com.br\/blog\/#\/schema\/logo\/image\/\"}},{\"@type\":\"Person\",\"@id\":\"https:\/\/www.selopack.com.br\/blog\/#\/schema\/person\/3be1f1a8813bdca19485331225197583\",\"name\":\"admin\",\"image\":{\"@type\":\"ImageObject\",\"inLanguage\":\"pt-BR\",\"@id\":\"https:\/\/www.selopack.com.br\/blog\/#\/schema\/person\/image\/\",\"url\":\"https:\/\/secure.gravatar.com\/avatar\/3813f53848958b8842eeafda91666185a90010f65ed554379b78794cde6f234a?s=96&d=mm&r=g\",\"contentUrl\":\"https:\/\/secure.gravatar.com\/avatar\/3813f53848958b8842eeafda91666185a90010f65ed554379b78794cde6f234a?s=96&d=mm&r=g\",\"caption\":\"admin\"},\"sameAs\":[\"https:\/\/www.selopack.com.br\/blog\"],\"url\":\"https:\/\/www.selopack.com.br\/blog\/author\/admin\/\"}]}<\/script>\n<!-- \/ Yoast SEO plugin. -->","yoast_head_json":{"title":"Embalagens para caf\u00e9: a import\u00e2ncia de preservar o aroma e a qualidade - Selopack","description":"Saiba mais sobre as embalagens para caf\u00e9 da Selopack, seus diferenciais e principais benef\u00edcios.\u00a0Confira em nosso blog!","robots":{"index":"noindex","follow":"follow","max-snippet":"max-snippet:-1","max-image-preview":"max-image-preview:large","max-video-preview":"max-video-preview:-1"},"og_locale":"pt_BR","og_type":"article","og_title":"Embalagens para caf\u00e9: a import\u00e2ncia de preservar o aroma e a qualidade - Selopack","og_description":"Saiba mais sobre as embalagens para caf\u00e9 da Selopack, seus diferenciais e principais benef\u00edcios.\u00a0Confira em nosso blog!","og_url":"https:\/\/www.selopack.com.br\/blog\/embalagens-para-cafe\/embalagens-para-cafe-a-importancia-de-preservar-o-aroma-e-a-qualidade\/","og_site_name":"Selopack","article_published_time":"2024-01-04T19:34:05+00:00","article_modified_time":"2024-01-04T19:37:11+00:00","og_image":[{"width":1000,"height":1000,"url":"https:\/\/www.selopack.com.br\/blog\/wp-content\/uploads\/2024\/01\/embalagens-para-cafe.jpg","type":"image\/jpeg"}],"author":"admin","twitter_card":"summary_large_image","twitter_misc":{"Escrito por":"admin","Est. tempo de leitura":"3 minutos"},"schema":{"@context":"https:\/\/schema.org","@graph":[{"@type":"Article","@id":"https:\/\/www.selopack.com.br\/blog\/embalagens-para-cafe\/embalagens-para-cafe-a-importancia-de-preservar-o-aroma-e-a-qualidade\/#article","isPartOf":{"@id":"https:\/\/www.selopack.com.br\/blog\/embalagens-para-cafe\/embalagens-para-cafe-a-importancia-de-preservar-o-aroma-e-a-qualidade\/"},"author":{"name":"admin","@id":"https:\/\/www.selopack.com.br\/blog\/#\/schema\/person\/3be1f1a8813bdca19485331225197583"},"headline":"Embalagens para caf\u00e9: a import\u00e2ncia de preservar o aroma e a qualidade","datePublished":"2024-01-04T19:34:05+00:00","dateModified":"2024-01-04T19:37:11+00:00","mainEntityOfPage":{"@id":"https:\/\/www.selopack.com.br\/blog\/embalagens-para-cafe\/embalagens-para-cafe-a-importancia-de-preservar-o-aroma-e-a-qualidade\/"},"wordCount":482,"commentCount":0,"publisher":{"@id":"https:\/\/www.selopack.com.br\/blog\/#organization"},"image":{"@id":"https:\/\/www.selopack.com.br\/blog\/embalagens-para-cafe\/embalagens-para-cafe-a-importancia-de-preservar-o-aroma-e-a-qualidade\/#primaryimage"},"thumbnailUrl":"https:\/\/www.selopack.com.br\/blog\/wp-content\/uploads\/2024\/01\/embalagens-para-cafe.jpg","keywords":["comprar embalagem para caf\u00e9","comprar Embalagens para caf\u00e9","comprar Embalagens personalizadas para caf\u00e9","comprar Pouches de caf\u00e9","comprar Sacos de caf\u00e9","embalagem para caf\u00e9 em Diadema","embalagem para caf\u00e9 em S\u00e3o Bernardo","embalagem para caf\u00e9 em S\u00e3o Caetano","embalagem para caf\u00e9 em s\u00e3o paulo","embalagem para caf\u00e9 em sp","embalagem para caf\u00e9 no ABC","Embalagens de caf\u00e9 por atacado em Diadema","Embalagens de caf\u00e9 por atacado em S\u00e3o Bernardo","Embalagens de caf\u00e9 por atacado em S\u00e3o Caetano","Embalagens de caf\u00e9 por atacado em s\u00e3o paulo","Embalagens de caf\u00e9 por atacado em sp","Embalagens de caf\u00e9 por atacado no ABC","Embalagens para caf\u00e9 em Diadema","Embalagens para caf\u00e9 em S\u00e3o Bernardo","Embalagens para caf\u00e9 em S\u00e3o Caetano","Embalagens para caf\u00e9 em s\u00e3o paulo","Embalagens para caf\u00e9 em sp","Embalagens para caf\u00e9 no ABC","Embalagens personalizadas para caf\u00e9 em Diadema","Embalagens personalizadas para caf\u00e9 em S\u00e3o Bernardo","Embalagens personalizadas para caf\u00e9 em S\u00e3o Caetano","Embalagens personalizadas para caf\u00e9 em s\u00e3o paulo","Embalagens personalizadas para caf\u00e9 em sp","Embalagens personalizadas para caf\u00e9 no ABC","empresa de embalagem para caf\u00e9","empresa de Embalagens de caf\u00e9 por atacado","empresa de Embalagens para caf\u00e9","empresa de Embalagens personalizadas para caf\u00e9","empresa de Pouches de caf\u00e9","empresa de Sacos de caf\u00e9","f\u00e1brica de embalagem para caf\u00e9","f\u00e1brica de Embalagens de caf\u00e9 por atacado","f\u00e1brica de Embalagens para caf\u00e9","f\u00e1brica de Embalagens personalizadas para caf\u00e9","f\u00e1brica de Pouches de caf\u00e9","f\u00e1brica de Sacos de caf\u00e9","fabricante de embalagem para caf\u00e9","fabricante de Embalagens de caf\u00e9 por atacado","fabricante de Embalagens para caf\u00e9","fabricante de Embalagens personalizadas para caf\u00e9","fabricante de Pouches de caf\u00e9","fabricante de Sacos de caf\u00e9","fornecedor de embalagem para caf\u00e9","fornecedor de Embalagens de caf\u00e9 por atacado","fornecedor de Embalagens para caf\u00e9","fornecedor de Embalagens personalizadas para caf\u00e9","fornecedor de Pouches de caf\u00e9","fornecedor de Sacos de caf\u00e9","Pouches de caf\u00e9 em Diadema","Pouches de caf\u00e9 em S\u00e3o Bernardo","Pouches de caf\u00e9 em S\u00e3o Caetano","Pouches de caf\u00e9 em s\u00e3o paulo","Pouches de caf\u00e9 em sp","Pouches de caf\u00e9 no ABC","Sacos de caf\u00e9 em Diadema","Sacos de caf\u00e9 em S\u00e3o Bernardo","Sacos de caf\u00e9 em S\u00e3o Caetano","Sacos de caf\u00e9 em s\u00e3o paulo","Sacos de caf\u00e9 em sp","Sacos de caf\u00e9 no ABC"],"articleSection":["embalagens para caf\u00e9"],"inLanguage":"pt-BR","potentialAction":[{"@type":"CommentAction","name":"Comment","target":["https:\/\/www.selopack.com.br\/blog\/embalagens-para-cafe\/embalagens-para-cafe-a-importancia-de-preservar-o-aroma-e-a-qualidade\/#respond"]}]},{"@type":"WebPage","@id":"https:\/\/www.selopack.com.br\/blog\/embalagens-para-cafe\/embalagens-para-cafe-a-importancia-de-preservar-o-aroma-e-a-qualidade\/","url":"https:\/\/www.selopack.com.br\/blog\/embalagens-para-cafe\/embalagens-para-cafe-a-importancia-de-preservar-o-aroma-e-a-qualidade\/","name":"Embalagens para caf\u00e9: a import\u00e2ncia de preservar o aroma e a qualidade - Selopack","isPartOf":{"@id":"https:\/\/www.selopack.com.br\/blog\/#website"},"primaryImageOfPage":{"@id":"https:\/\/www.selopack.com.br\/blog\/embalagens-para-cafe\/embalagens-para-cafe-a-importancia-de-preservar-o-aroma-e-a-qualidade\/#primaryimage"},"image":{"@id":"https:\/\/www.selopack.com.br\/blog\/embalagens-para-cafe\/embalagens-para-cafe-a-importancia-de-preservar-o-aroma-e-a-qualidade\/#primaryimage"},"thumbnailUrl":"https:\/\/www.selopack.com.br\/blog\/wp-content\/uploads\/2024\/01\/embalagens-para-cafe.jpg","datePublished":"2024-01-04T19:34:05+00:00","dateModified":"2024-01-04T19:37:11+00:00","description":"Saiba mais sobre as embalagens para caf\u00e9 da Selopack, seus diferenciais e principais benef\u00edcios.\u00a0Confira em nosso blog!","breadcrumb":{"@id":"https:\/\/www.selopack.com.br\/blog\/embalagens-para-cafe\/embalagens-para-cafe-a-importancia-de-preservar-o-aroma-e-a-qualidade\/#breadcrumb"},"inLanguage":"pt-BR","potentialAction":[{"@type":"ReadAction","target":["https:\/\/www.selopack.com.br\/blog\/embalagens-para-cafe\/embalagens-para-cafe-a-importancia-de-preservar-o-aroma-e-a-qualidade\/"]}]},{"@type":"ImageObject","inLanguage":"pt-BR","@id":"https:\/\/www.selopack.com.br\/blog\/embalagens-para-cafe\/embalagens-para-cafe-a-importancia-de-preservar-o-aroma-e-a-qualidade\/#primaryimage","url":"https:\/\/www.selopack.com.br\/blog\/wp-content\/uploads\/2024\/01\/embalagens-para-cafe.jpg","contentUrl":"https:\/\/www.selopack.com.br\/blog\/wp-content\/uploads\/2024\/01\/embalagens-para-cafe.jpg","width":1000,"height":1000,"caption":"Embalagens para caf\u00e9: a import\u00e2ncia de preservar o aroma e a qualidade"},{"@type":"BreadcrumbList","@id":"https:\/\/www.selopack.com.br\/blog\/embalagens-para-cafe\/embalagens-para-cafe-a-importancia-de-preservar-o-aroma-e-a-qualidade\/#breadcrumb","itemListElement":[{"@type":"ListItem","position":1,"name":"In\u00edcio","item":"https:\/\/www.selopack.com.br\/blog\/"},{"@type":"ListItem","position":2,"name":"Embalagens para caf\u00e9: a import\u00e2ncia de preservar o aroma e a qualidade"}]},{"@type":"WebSite","@id":"https:\/\/www.selopack.com.br\/blog\/#website","url":"https:\/\/www.selopack.com.br\/blog\/","name":"Selopack","description":"Selopack Blog","publisher":{"@id":"https:\/\/www.selopack.com.br\/blog\/#organization"},"potentialAction":[{"@type":"SearchAction","target":{"@type":"EntryPoint","urlTemplate":"https:\/\/www.selopack.com.br\/blog\/?s={search_term_string}"},"query-input":{"@type":"PropertyValueSpecification","valueRequired":true,"valueName":"search_term_string"}}],"inLanguage":"pt-BR"},{"@type":"Organization","@id":"https:\/\/www.selopack.com.br\/blog\/#organization","name":"Selopack","url":"https:\/\/www.selopack.com.br\/blog\/","logo":{"@type":"ImageObject","inLanguage":"pt-BR","@id":"https:\/\/www.selopack.com.br\/blog\/#\/schema\/logo\/image\/","url":"https:\/\/www.selopack.com.br\/blog\/wp-content\/uploads\/2023\/08\/logo.png","contentUrl":"https:\/\/www.selopack.com.br\/blog\/wp-content\/uploads\/2023\/08\/logo.png","width":200,"height":80,"caption":"Selopack"},"image":{"@id":"https:\/\/www.selopack.com.br\/blog\/#\/schema\/logo\/image\/"}},{"@type":"Person","@id":"https:\/\/www.selopack.com.br\/blog\/#\/schema\/person\/3be1f1a8813bdca19485331225197583","name":"admin","image":{"@type":"ImageObject","inLanguage":"pt-BR","@id":"https:\/\/www.selopack.com.br\/blog\/#\/schema\/person\/image\/","url":"https:\/\/secure.gravatar.com\/avatar\/3813f53848958b8842eeafda91666185a90010f65ed554379b78794cde6f234a?s=96&d=mm&r=g","contentUrl":"https:\/\/secure.gravatar.com\/avatar\/3813f53848958b8842eeafda91666185a90010f65ed554379b78794cde6f234a?s=96&d=mm&r=g","caption":"admin"},"sameAs":["https:\/\/www.selopack.com.br\/blog"],"url":"https:\/\/www.selopack.com.br\/blog\/author\/admin\/"}]}},"_links":{"self":[{"href":"https:\/\/www.selopack.com.br\/blog\/wp-json\/wp\/v2\/posts\/48","targetHints":{"allow":["GET"]}}],"collection":[{"href":"https:\/\/www.selopack.com.br\/blog\/wp-json\/wp\/v2\/posts"}],"about":[{"href":"https:\/\/www.selopack.com.br\/blog\/wp-json\/wp\/v2\/types\/post"}],"author":[{"embeddable":true,"href":"https:\/\/www.selopack.com.br\/blog\/wp-json\/wp\/v2\/users\/2"}],"replies":[{"embeddable":true,"href":"https:\/\/www.selopack.com.br\/blog\/wp-json\/wp\/v2\/comments?post=48"}],"version-history":[{"count":1,"href":"https:\/\/www.selopack.com.br\/blog\/wp-json\/wp\/v2\/posts\/48\/revisions"}],"predecessor-version":[{"id":51,"href":"https:\/\/www.selopack.com.br\/blog\/wp-json\/wp\/v2\/posts\/48\/revisions\/51"}],"wp:featuredmedia":[{"embeddable":true,"href":"https:\/\/www.selopack.com.br\/blog\/wp-json\/wp\/v2\/media\/49"}],"wp:attachment":[{"href":"https:\/\/www.selopack.com.br\/blog\/wp-json\/wp\/v2\/media?parent=48"}],"wp:term":[{"taxonomy":"category","embeddable":true,"href":"https:\/\/www.selopack.com.br\/blog\/wp-json\/wp\/v2\/categories?post=48"},{"taxonomy":"post_tag","embeddable":true,"href":"https:\/\/www.selopack.com.br\/blog\/wp-json\/wp\/v2\/tags?post=48"}],"curies":[{"name":"wp","href":"https:\/\/api.w.org\/{rel}","templated":true}]}}