{"id":35,"date":"2023-11-08T12:50:00","date_gmt":"2023-11-08T15:50:00","guid":{"rendered":"https:\/\/www.selopack.com.br\/blog\/?p=35"},"modified":"2023-11-10T08:34:44","modified_gmt":"2023-11-10T11:34:44","slug":"como-escolher-os-melhores-termoencolhiveis-para-suas-necessidades","status":"publish","type":"post","link":"https:\/\/www.selopack.com.br\/blog\/termoencolhiveis\/como-escolher-os-melhores-termoencolhiveis-para-suas-necessidades\/","title":{"rendered":"Como escolher os melhores termoencolh\u00edveis para suas necessidades"},"content":{"rendered":"<span class=\"span-reading-time rt-reading-time\" style=\"display: block;\"><span class=\"rt-label rt-prefix\">Tempo de leitura:<\/span> <span class=\"rt-time\"> 4<\/span> <span class=\"rt-label rt-postfix\">minutos<\/span><\/span>\n<p class=\"has-medium-font-size\"><strong><em>Descubra como escolher os melhores termoencolh\u00edveis para sua empresa e proteja seus produtos com embalagens de alta qualidade. Saiba mais agora!<\/em><\/strong><\/p>\n\n\n\n<p>Na busca por produtos de qualidade, como termoencolh\u00edveis, \u00e9 essencial que voc\u00ea tome decis\u00f5es informadas para atender \u00e0s suas necessidades.&nbsp;<\/p>\n\n\n\n<ul class=\"wp-block-list\">\n<li><a href=\"https:\/\/www.selopack.com.br\/blog\/embalagens-para-alimentos\/empresa-de-embalagens-para-alimentos-em-sao-paulo-o-que-avaliar-ao-escolher-uma\/\">Empresa de embalagens para alimentos em S\u00e3o Paulo: o que avaliar ao escolher uma?<\/a><\/li>\n<\/ul>\n\n\n\n<p>Neste guia abrangente, exploraremos os principais fatores a serem considerados ao escolher os melhores termoencolh\u00edveis para sua empresa. Vamos mergulhar fundo e garantir que voc\u00ea fa\u00e7a a escolha certa.<\/p>\n\n\n\n<div id=\"ez-toc-container\" class=\"ez-toc-v2_0_71 counter-hierarchy ez-toc-counter ez-toc-grey ez-toc-container-direction\">\n<div class=\"ez-toc-title-container\">\n<p class=\"ez-toc-title\" style=\"cursor:inherit\">Sum\u00e1rio<\/p>\n<span class=\"ez-toc-title-toggle\"><a href=\"#\" class=\"ez-toc-pull-right ez-toc-btn ez-toc-btn-xs ez-toc-btn-default ez-toc-toggle\" aria-label=\"Toggle Table of Content\"><span class=\"ez-toc-js-icon-con\"><span class=\"\"><span class=\"eztoc-hide\" style=\"display:none;\">Toggle<\/span><span class=\"ez-toc-icon-toggle-span\"><svg style=\"fill: #999;color:#999\" xmlns=\"http:\/\/www.w3.org\/2000\/svg\" class=\"list-377408\" width=\"20px\" height=\"20px\" viewBox=\"0 0 24 24\" fill=\"none\"><path d=\"M6 6H4v2h2V6zm14 0H8v2h12V6zM4 11h2v2H4v-2zm16 0H8v2h12v-2zM4 16h2v2H4v-2zm16 0H8v2h12v-2z\" fill=\"currentColor\"><\/path><\/svg><svg style=\"fill: #999;color:#999\" class=\"arrow-unsorted-368013\" xmlns=\"http:\/\/www.w3.org\/2000\/svg\" width=\"10px\" height=\"10px\" viewBox=\"0 0 24 24\" version=\"1.2\" baseProfile=\"tiny\"><path d=\"M18.2 9.3l-6.2-6.3-6.2 6.3c-.2.2-.3.4-.3.7s.1.5.3.7c.2.2.4.3.7.3h11c.3 0 .5-.1.7-.3.2-.2.3-.5.3-.7s-.1-.5-.3-.7zM5.8 14.7l6.2 6.3 6.2-6.3c.2-.2.3-.5.3-.7s-.1-.5-.3-.7c-.2-.2-.4-.3-.7-.3h-11c-.3 0-.5.1-.7.3-.2.2-.3.5-.3.7s.1.5.3.7z\"\/><\/svg><\/span><\/span><\/span><\/a><\/span><\/div>\n<nav><ul class='ez-toc-list ez-toc-list-level-1 ' ><li class='ez-toc-page-1 ez-toc-heading-level-2'><a class=\"ez-toc-link ez-toc-heading-1\" href=\"https:\/\/www.selopack.com.br\/blog\/termoencolhiveis\/como-escolher-os-melhores-termoencolhiveis-para-suas-necessidades\/#Por_que_os_termoencolhiveis_sao_importantes_para_seu_negocio\" title=\"Por que os termoencolh\u00edveis s\u00e3o importantes para seu neg\u00f3cio?\">Por que os termoencolh\u00edveis s\u00e3o importantes para seu neg\u00f3cio?<\/a><ul class='ez-toc-list-level-3' ><li class='ez-toc-heading-level-3'><a class=\"ez-toc-link ez-toc-heading-2\" href=\"https:\/\/www.selopack.com.br\/blog\/termoencolhiveis\/como-escolher-os-melhores-termoencolhiveis-para-suas-necessidades\/#Tamanho_e_dimensoes_dos_termoencolhiveis\" title=\"Tamanho e dimens\u00f5es dos termoencolh\u00edveis\">Tamanho e dimens\u00f5es dos termoencolh\u00edveis<\/a><\/li><li class='ez-toc-page-1 ez-toc-heading-level-3'><a class=\"ez-toc-link ez-toc-heading-3\" href=\"https:\/\/www.selopack.com.br\/blog\/termoencolhiveis\/como-escolher-os-melhores-termoencolhiveis-para-suas-necessidades\/#Material_de_termoencolhivel\" title=\"Material de termoencolh\u00edvel\">Material de termoencolh\u00edvel<\/a><\/li><li class='ez-toc-page-1 ez-toc-heading-level-3'><a class=\"ez-toc-link ez-toc-heading-4\" href=\"https:\/\/www.selopack.com.br\/blog\/termoencolhiveis\/como-escolher-os-melhores-termoencolhiveis-para-suas-necessidades\/#Tipo_de_encolhimento\" title=\"Tipo de encolhimento\">Tipo de encolhimento<\/a><ul class='ez-toc-list-level-4' ><li class='ez-toc-heading-level-4'><a class=\"ez-toc-link ez-toc-heading-5\" href=\"https:\/\/www.selopack.com.br\/blog\/termoencolhiveis\/como-escolher-os-melhores-termoencolhiveis-para-suas-necessidades\/#Encolhimento_radial\" title=\"Encolhimento radial\">Encolhimento radial<\/a><\/li><li class='ez-toc-page-1 ez-toc-heading-level-4'><a class=\"ez-toc-link ez-toc-heading-6\" href=\"https:\/\/www.selopack.com.br\/blog\/termoencolhiveis\/como-escolher-os-melhores-termoencolhiveis-para-suas-necessidades\/#Encolhimento_longitudinal\" title=\"Encolhimento longitudinal\">Encolhimento longitudinal<\/a><\/li><\/ul><\/li><li class='ez-toc-page-1 ez-toc-heading-level-3'><a class=\"ez-toc-link ez-toc-heading-7\" href=\"https:\/\/www.selopack.com.br\/blog\/termoencolhiveis\/como-escolher-os-melhores-termoencolhiveis-para-suas-necessidades\/#Personalizacao\" title=\"Personaliza\u00e7\u00e3o\">Personaliza\u00e7\u00e3o<\/a><\/li><\/ul><\/li><li class='ez-toc-page-1 ez-toc-heading-level-2'><a class=\"ez-toc-link ez-toc-heading-8\" href=\"https:\/\/www.selopack.com.br\/blog\/termoencolhiveis\/como-escolher-os-melhores-termoencolhiveis-para-suas-necessidades\/#Selopack_excelencia_em_embalagens_termoencolhiveis\" title=\"Selopack: excel\u00eancia em embalagens termoencolh\u00edveis\">Selopack: excel\u00eancia em embalagens termoencolh\u00edveis<\/a><\/li><\/ul><\/nav><\/div>\n<h2 class=\"wp-block-heading\"><span class=\"ez-toc-section\" id=\"Por_que_os_termoencolhiveis_sao_importantes_para_seu_negocio\"><\/span>Por que os termoencolh\u00edveis s\u00e3o importantes para seu neg\u00f3cio?<span class=\"ez-toc-section-end\"><\/span><\/h2>\n\n\n\n<p>Sobretudo, os termoencolh\u00edveis desempenham um papel fundamental em muitos setores, desde embalagens de produtos at\u00e9 a prote\u00e7\u00e3o de objetos delicados.&nbsp;<\/p>\n\n\n\n<p>Eles oferecem uma s\u00e9rie de vantagens, incluindo:<\/p>\n\n\n\n<ul class=\"wp-block-list\">\n<li><strong>Prote\u00e7\u00e3o:<\/strong> Os termoencolh\u00edveis envolvem seus produtos de forma segura, protegendo-os contra poeira, umidade e danos f\u00edsicos durante o transporte e armazenamento.<\/li>\n<\/ul>\n\n\n\n<ul class=\"wp-block-list\">\n<li><strong>Divulga\u00e7\u00e3o:<\/strong> Eles podem ser personalizados com seu logotipo e informa\u00e7\u00f5es da empresa, ajudando a promover sua marca e atrair a aten\u00e7\u00e3o dos clientes.<\/li>\n<\/ul>\n\n\n\n<ul class=\"wp-block-list\">\n<li><strong>Economia de espa\u00e7o:<\/strong> Os termoencolh\u00edveis ocupam menos espa\u00e7o do que outras formas de embalagem, economizando espa\u00e7o em seu armaz\u00e9m e reduzindo os custos de transporte.<\/li>\n<\/ul>\n\n\n\n<p>Agora que voc\u00ea compreende a import\u00e2ncia dos termoencolh\u00edveis, vamos explorar os fatores-chave a serem considerados ao escolher o produto certo.<\/p>\n\n\n\n<ul class=\"wp-block-list\">\n<li><a href=\"https:\/\/www.selopack.com.br\/blog\/embalagens-stand-up-pouch\/embalagens-laminadas-stand-up-pouch-e-onde-compra-las\/\" target=\"_blank\" rel=\"noreferrer noopener\">Embalagens laminadas stand up pouch e onde compr\u00e1-las<\/a><\/li>\n<\/ul>\n\n\n\n<h3 class=\"wp-block-heading\"><span class=\"ez-toc-section\" id=\"Tamanho_e_dimensoes_dos_termoencolhiveis\"><\/span>Tamanho e dimens\u00f5es dos termoencolh\u00edveis<span class=\"ez-toc-section-end\"><\/span><\/h3>\n\n\n\n<p>Antes de comprar termoencolh\u00edveis, \u00e9 essencial determinar o tamanho e as dimens\u00f5es ideais.&nbsp;<\/p>\n\n\n\n<p>Certifique-se de medir com precis\u00e3o seus produtos, levando em considera\u00e7\u00e3o o comprimento, largura e altura.&nbsp;<\/p>\n\n\n\n<p>Isso garantir\u00e1 que os termoencolh\u00edveis se ajustem perfeitamente, proporcionando prote\u00e7\u00e3o eficaz.<\/p>\n\n\n\n<h3 class=\"wp-block-heading\"><span class=\"ez-toc-section\" id=\"Material_de_termoencolhivel\"><\/span>Material de termoencolh\u00edvel<span class=\"ez-toc-section-end\"><\/span><\/h3>\n\n\n\n<p>Os termoencolh\u00edveis est\u00e3o dispon\u00edveis em v\u00e1rios materiais, cada um adequado para diferentes aplica\u00e7\u00f5es. Os materiais mais comuns incluem:<\/p>\n\n\n<div class=\"wp-block-image is-style-rounded\">\n<figure class=\"alignright size-large is-resized\"><img loading=\"lazy\" decoding=\"async\" width=\"683\" height=\"1024\" src=\"https:\/\/www.selopack.com.br\/blog\/wp-content\/uploads\/2023\/11\/raw-duck-leg-meat-seal-bag-sous-vide-cooking-set-gray-stone-table-1-683x1024.jpg\" alt=\"Como escolher os melhores termoencolh\u00edveis para suas necessidades\" class=\"wp-image-36\" style=\"width:183px;height:auto\" srcset=\"https:\/\/www.selopack.com.br\/blog\/wp-content\/uploads\/2023\/11\/raw-duck-leg-meat-seal-bag-sous-vide-cooking-set-gray-stone-table-1-683x1024.jpg 683w, https:\/\/www.selopack.com.br\/blog\/wp-content\/uploads\/2023\/11\/raw-duck-leg-meat-seal-bag-sous-vide-cooking-set-gray-stone-table-1-200x300.jpg 200w, https:\/\/www.selopack.com.br\/blog\/wp-content\/uploads\/2023\/11\/raw-duck-leg-meat-seal-bag-sous-vide-cooking-set-gray-stone-table-1-768x1152.jpg 768w, https:\/\/www.selopack.com.br\/blog\/wp-content\/uploads\/2023\/11\/raw-duck-leg-meat-seal-bag-sous-vide-cooking-set-gray-stone-table-1-1024x1536.jpg 1024w, https:\/\/www.selopack.com.br\/blog\/wp-content\/uploads\/2023\/11\/raw-duck-leg-meat-seal-bag-sous-vide-cooking-set-gray-stone-table-1-1365x2048.jpg 1365w, https:\/\/www.selopack.com.br\/blog\/wp-content\/uploads\/2023\/11\/raw-duck-leg-meat-seal-bag-sous-vide-cooking-set-gray-stone-table-1-scaled.jpg 1707w\" sizes=\"auto, (max-width: 683px) 100vw, 683px\" \/><\/figure>\n<\/div>\n\n\n<ol class=\"wp-block-list\">\n<li><strong>PVC:<\/strong> em primeiro lugar, este material \u00e9 flex\u00edvel e adequado para produtos com formas irregulares.<\/li>\n<\/ol>\n\n\n\n<ol class=\"wp-block-list\" start=\"2\">\n<li><strong>PEBD:<\/strong> J\u00e1 o polietileno de baixa densidade \u00e9 transparente e resistente, ideal para exibir seus produtos.<\/li>\n<\/ol>\n\n\n\n<ol class=\"wp-block-list\" start=\"3\">\n<li><strong>POF:<\/strong> o poliolef\u00ednico termoencolh\u00edvel \u00e9 altamente transparente e oferece excelente resist\u00eancia ao rasgo.<\/li>\n<\/ol>\n\n\n\n<ol class=\"wp-block-list\" start=\"4\">\n<li><strong>PETG: <\/strong>um material de alta resist\u00eancia, frequentemente usado para produtos mais pesados.<\/li>\n<\/ol>\n\n\n\n<p>Ao escolher o material, leve em considera\u00e7\u00e3o a natureza dos seus produtos e suas necessidades espec\u00edficas de embalagem.<\/p>\n\n\n\n<ul class=\"wp-block-list\">\n<li><a href=\"https:\/\/www.selopack.com.br\/blog\/embalagens-em-polietileno\/conheca-tudo-sobre-as-embalagens-em-polietileno-para-alimentos\/\">Conhe\u00e7a tudo sobre as embalagens em polietileno para alimentos<\/a><\/li>\n<\/ul>\n\n\n\n<h3 class=\"wp-block-heading\"><span class=\"ez-toc-section\" id=\"Tipo_de_encolhimento\"><\/span>Tipo de encolhimento<span class=\"ez-toc-section-end\"><\/span><\/h3>\n\n\n\n<p>Existem dois tipos principais de termoencolh\u00edveis: os de encolhimento radial e os de encolhimento longitudinal.<\/p>\n\n\n\n<h4 class=\"wp-block-heading\"><span class=\"ez-toc-section\" id=\"Encolhimento_radial\"><\/span>Encolhimento radial<span class=\"ez-toc-section-end\"><\/span><\/h4>\n\n\n\n<p>Em primeiro lugar, este tipo encolhe uniformemente em todas as dire\u00e7\u00f5es, proporcionando uma embalagem mais apertada. \u00c9 ideal para produtos com formas irregulares.<\/p>\n\n\n\n<h4 class=\"wp-block-heading\"><span class=\"ez-toc-section\" id=\"Encolhimento_longitudinal\"><\/span>Encolhimento longitudinal<span class=\"ez-toc-section-end\"><\/span><\/h4>\n\n\n\n<p>Em contrapartida, o encolhimento longitudinal encolhe principalmente em uma dire\u00e7\u00e3o, o que pode ser prefer\u00edvel para produtos longos e estreitos.<\/p>\n\n\n\n<h3 class=\"wp-block-heading\"><span class=\"ez-toc-section\" id=\"Personalizacao\"><\/span>Personaliza\u00e7\u00e3o<span class=\"ez-toc-section-end\"><\/span><\/h3>\n\n\n\n<p>Se voc\u00ea deseja promover sua marca e produtos, considere a op\u00e7\u00e3o de personaliza\u00e7\u00e3o e impress\u00e3o de seus termoencolh\u00edveis.&nbsp;<\/p>\n\n\n\n<p>Isso permite que voc\u00ea adicione seu logotipo, informa\u00e7\u00f5es de contato e outros detalhes relevantes, tornando sua embalagem \u00fanica e atraente para os clientes.<\/p>\n\n\n\n<h2 class=\"wp-block-heading\"><span class=\"ez-toc-section\" id=\"Selopack_excelencia_em_embalagens_termoencolhiveis\"><\/span>Selopack: excel\u00eancia em embalagens termoencolh\u00edveis<span class=\"ez-toc-section-end\"><\/span><\/h2>\n\n\n\n<p>Em resumo, escolher os termoencolh\u00edveis certos \u00e9 crucial para proteger seus produtos e promover sua marca.&nbsp;<\/p>\n\n\n\n<p>Ao considerar fatores como tamanho, material, tipo de encolhimento, espessura e personaliza\u00e7\u00e3o, voc\u00ea pode tomar decis\u00f5es informadas que atendam \u00e0s suas necessidades espec\u00edficas.&nbsp;<\/p>\n\n\n\n<p>A <a href=\"https:\/\/www.selopack.com.br\/\">Selopack<\/a>, empresa que comercializa e desenvolve sistemas de embalagens para voc\u00ea,&nbsp; cliente que busca prote\u00e7\u00e3o e valoriza\u00e7\u00e3o dos seus produtos com qualidade e excel\u00eancia nos servi\u00e7os prestados.<\/p>\n\n\n\n<p>S\u00e3o mais de 10 anos no mercado, proporcionando aos nossos clientes um atendimento personalizado, com o intuito de atender a cada de suas necessidades.<\/p>\n\n\n\n<p>Por isso, se precisar de mais informa\u00e7\u00f5es ou assist\u00eancia, n\u00e3o hesite em <a href=\"https:\/\/www.selopack.com.br\/contato\/\">entrar em contato conosco<\/a>.&nbsp;<\/p>\n\n\n\n<p>Estamos aqui para ajudar voc\u00ea a tomar a melhor decis\u00e3o para o sucesso do seu neg\u00f3cio!<\/p>\n","protected":false},"excerpt":{"rendered":"<p><span class=\"span-reading-time rt-reading-time\" style=\"display: block;\"><span class=\"rt-label rt-prefix\">Tempo de leitura:<\/span> <span class=\"rt-time\"> 4<\/span> <span class=\"rt-label rt-postfix\">minutos<\/span><\/span>Descubra como escolher os melhores termoencolh\u00edveis para sua empresa e proteja seus produtos com embalagens de alta qualidade. Saiba mais agora! Na busca por produtos de qualidade, como termoencolh\u00edveis, \u00e9 essencial que voc\u00ea tome decis\u00f5es informadas para atender \u00e0s suas necessidades.&nbsp; Neste guia abrangente, exploraremos &hellip; <\/p>\n","protected":false},"author":2,"featured_media":37,"comment_status":"open","ping_status":"closed","sticky":false,"template":"","format":"standard","meta":{"footnotes":""},"categories":[534],"tags":[548,549,554,553,550,555,552,551,546,547,545,603,604,609,608,605,610,607,606,601,602,600,614,615,620,619,616,621,618,617,612,613,611,713,768,702,691,669,658,779,680,746,719,774,708,697,675,664,785,686,752,730,653,741,763,718,773,707,696,674,663,784,685,751,729,652,740,762,715,770,704,693,671,660,781,682,748,726,649,737,759,714,769,703,692,670,659,720,775,709,698,676,665,786,687,753,731,654,742,764,717,772,706,695,673,662,783,684,750,728,651,739,761,716,771,705,694,672,661,782,683,749,727,650,738,760,780,681,747,725,648,736,758,724,647,735,757,711,766,700,689,667,656,777,678,744,722,645,733,755,559,560,565,564,561,566,563,562,557,558,556,570,571,576,575,572,577,574,573,568,569,567,581,582,587,586,583,588,585,584,579,580,578,592,593,598,597,594,599,596,595,590,591,589,636,637,642,641,638,643,640,639,634,635,633,538,539,543,542,540,544,541,536,537,535,625,626,631,630,627,632,629,628,623,624,622,712,767,701,690,668,657,778,679,745,723,646,734,756,710,765,699,688,666,655,776,677,743,721,644,732,754],"class_list":["post-35","post","type-post","status-publish","format-standard","has-post-thumbnail","hentry","category-termoencolhiveis","tag-comprar-embalagem-termoencolhivel","tag-comprar-embalagem-termoencolhivel-para","tag-comprar-embalagem-termoencolhivel-para-acougue","tag-comprar-embalagem-termoencolhivel-para-carnes","tag-comprar-embalagem-termoencolhivel-para-comida","tag-comprar-embalagem-termoencolhivel-para-frios","tag-comprar-embalagem-termoencolhivel-para-horti-frutti","tag-comprar-embalagem-termoencolhivel-para-mercado","tag-comprar-embalagens-termoencolhiveis","tag-comprar-solucoes-de-embalagem-termoencolhiveis","tag-comprar-termoencolhiveis","tag-distribuidor-de-embalagem-termoencolhivel","tag-distribuidor-de-embalagem-termoencolhivel-para","tag-distribuidor-de-embalagem-termoencolhivel-para-acougue","tag-distribuidor-de-embalagem-termoencolhivel-para-carnes","tag-distribuidor-de-embalagem-termoencolhivel-para-comida","tag-distribuidor-de-embalagem-termoencolhivel-para-frios","tag-distribuidor-de-embalagem-termoencolhivel-para-horti-frutti","tag-distribuidor-de-embalagem-termoencolhivel-para-mercado","tag-distribuidor-de-embalagens-termoencolhiveis","tag-distribuidor-de-solucoes-de-embalagem-termoencolhiveis","tag-distribuidor-de-termoencolhiveis","tag-distribuidora-de-embalagem-termoencolhivel","tag-distribuidora-de-embalagem-termoencolhivel-para","tag-distribuidora-de-embalagem-termoencolhivel-para-acougue","tag-distribuidora-de-embalagem-termoencolhivel-para-carnes","tag-distribuidora-de-embalagem-termoencolhivel-para-comida","tag-distribuidora-de-embalagem-termoencolhivel-para-frios","tag-distribuidora-de-embalagem-termoencolhivel-para-horti-frutti","tag-distribuidora-de-embalagem-termoencolhivel-para-mercado","tag-distribuidora-de-embalagens-termoencolhiveis","tag-distribuidora-de-solucoes-de-embalagem-termoencolhiveis","tag-distribuidora-de-termoencolhiveis","tag-embalagem-termoencolhivel-direto-da-fabrica","tag-embalagem-termoencolhivel-em-diadema","tag-embalagem-termoencolhivel-em-promocao","tag-embalagem-termoencolhivel-em-sao-bernardo-do-campo","tag-embalagem-termoencolhivel-em-sao-paulo","tag-embalagem-termoencolhivel-em-sp","tag-embalagem-termoencolhivel-na-imigrantes","tag-embalagem-termoencolhivel-no-abc","tag-embalagem-termoencolhivel-no-taboao","tag-embalagem-termoencolhivel-para-acougue-direto-da-fabrica","tag-embalagem-termoencolhivel-para-acougue-em-diadema","tag-embalagem-termoencolhivel-para-acougue-em-promocao","tag-embalagem-termoencolhivel-para-acougue-em-sao-bernardo-do-campo","tag-embalagem-termoencolhivel-para-acougue-em-sao-paulo","tag-embalagem-termoencolhivel-para-acougue-em-sp","tag-embalagem-termoencolhivel-para-acougue-na-imigrantes","tag-embalagem-termoencolhivel-para-acougue-no-abc","tag-embalagem-termoencolhivel-para-acougue-no-taboao","tag-embalagem-termoencolhivel-para-acougue-perto-de-mim","tag-embalagem-termoencolhivel-para-acougue-preco","tag-embalagem-termoencolhivel-para-acougue-proximo-a-mim","tag-embalagem-termoencolhivel-para-acougue-zona-sul","tag-embalagem-termoencolhivel-para-carnes-direto-da-fabrica","tag-embalagem-termoencolhivel-para-carnes-em-diadema","tag-embalagem-termoencolhivel-para-carnes-em-promocao","tag-embalagem-termoencolhivel-para-carnes-em-sao-bernardo-do-campo","tag-embalagem-termoencolhivel-para-carnes-em-sao-paulo","tag-embalagem-termoencolhivel-para-carnes-em-sp","tag-embalagem-termoencolhivel-para-carnes-na-imigrantes","tag-embalagem-termoencolhivel-para-carnes-no-abc","tag-embalagem-termoencolhivel-para-carnes-no-taboao","tag-embalagem-termoencolhivel-para-carnes-perto-de-mim","tag-embalagem-termoencolhivel-para-carnes-preco","tag-embalagem-termoencolhivel-para-carnes-proximo-a-mim","tag-embalagem-termoencolhivel-para-carnes-zona-sul","tag-embalagem-termoencolhivel-para-comida-direto-da-fabrica","tag-embalagem-termoencolhivel-para-comida-em-diadema","tag-embalagem-termoencolhivel-para-comida-em-promocao","tag-embalagem-termoencolhivel-para-comida-em-sao-bernardo-do-campo","tag-embalagem-termoencolhivel-para-comida-em-sao-paulo","tag-embalagem-termoencolhivel-para-comida-em-sp","tag-embalagem-termoencolhivel-para-comida-na-imigrantes","tag-embalagem-termoencolhivel-para-comida-no-abc","tag-embalagem-termoencolhivel-para-comida-no-taboao","tag-embalagem-termoencolhivel-para-comida-perto-de-mim","tag-embalagem-termoencolhivel-para-comida-preco","tag-embalagem-termoencolhivel-para-comida-proximo-a-mim","tag-embalagem-termoencolhivel-para-comida-zona-sul","tag-embalagem-termoencolhivel-para-direto-da-fabrica","tag-embalagem-termoencolhivel-para-em-diadema","tag-embalagem-termoencolhivel-para-em-promocao","tag-embalagem-termoencolhivel-para-em-sao-bernardo-do-campo","tag-embalagem-termoencolhivel-para-em-sao-paulo","tag-embalagem-termoencolhivel-para-em-sp","tag-embalagem-termoencolhivel-para-frios-direto-da-fabrica","tag-embalagem-termoencolhivel-para-frios-em-diadema","tag-embalagem-termoencolhivel-para-frios-em-promocao","tag-embalagem-termoencolhivel-para-frios-em-sao-bernardo-do-campo","tag-embalagem-termoencolhivel-para-frios-em-sao-paulo","tag-embalagem-termoencolhivel-para-frios-em-sp","tag-embalagem-termoencolhivel-para-frios-na-imigrantes","tag-embalagem-termoencolhivel-para-frios-no-abc","tag-embalagem-termoencolhivel-para-frios-no-taboao","tag-embalagem-termoencolhivel-para-frios-perto-de-mim","tag-embalagem-termoencolhivel-para-frios-preco","tag-embalagem-termoencolhivel-para-frios-proximo-a-mim","tag-embalagem-termoencolhivel-para-frios-zona-sul","tag-embalagem-termoencolhivel-para-horti-frutti-direto-da-fabrica","tag-embalagem-termoencolhivel-para-horti-frutti-em-diadema","tag-embalagem-termoencolhivel-para-horti-frutti-em-promocao","tag-embalagem-termoencolhivel-para-horti-frutti-em-sao-bernardo-do-campo","tag-embalagem-termoencolhivel-para-horti-frutti-em-sao-paulo","tag-embalagem-termoencolhivel-para-horti-frutti-em-sp","tag-embalagem-termoencolhivel-para-horti-frutti-na-imigrantes","tag-embalagem-termoencolhivel-para-horti-frutti-no-abc","tag-embalagem-termoencolhivel-para-horti-frutti-no-taboao","tag-embalagem-termoencolhivel-para-horti-frutti-perto-de-mim","tag-embalagem-termoencolhivel-para-horti-frutti-preco","tag-embalagem-termoencolhivel-para-horti-frutti-proximo-a-mim","tag-embalagem-termoencolhivel-para-horti-frutti-zona-sul","tag-embalagem-termoencolhivel-para-mercado-direto-da-fabrica","tag-embalagem-termoencolhivel-para-mercado-em-diadema","tag-embalagem-termoencolhivel-para-mercado-em-promocao","tag-embalagem-termoencolhivel-para-mercado-em-sao-bernardo-do-campo","tag-embalagem-termoencolhivel-para-mercado-em-sao-paulo","tag-embalagem-termoencolhivel-para-mercado-em-sp","tag-embalagem-termoencolhivel-para-mercado-na-imigrantes","tag-embalagem-termoencolhivel-para-mercado-no-abc","tag-embalagem-termoencolhivel-para-mercado-no-taboao","tag-embalagem-termoencolhivel-para-mercado-perto-de-mim","tag-embalagem-termoencolhivel-para-mercado-preco","tag-embalagem-termoencolhivel-para-mercado-proximo-a-mim","tag-embalagem-termoencolhivel-para-mercado-zona-sul","tag-embalagem-termoencolhivel-para-na-imigrantes","tag-embalagem-termoencolhivel-para-no-abc","tag-embalagem-termoencolhivel-para-no-taboao","tag-embalagem-termoencolhivel-para-perto-de-mim","tag-embalagem-termoencolhivel-para-preco","tag-embalagem-termoencolhivel-para-proximo-a-mim","tag-embalagem-termoencolhivel-para-zona-sul","tag-embalagem-termoencolhivel-perto-de-mim","tag-embalagem-termoencolhivel-preco","tag-embalagem-termoencolhivel-proximo-a-mim","tag-embalagem-termoencolhivel-zona-sul","tag-embalagens-termoencolhiveis-direto-da-fabrica","tag-embalagens-termoencolhiveis-em-diadema","tag-embalagens-termoencolhiveis-em-promocao","tag-embalagens-termoencolhiveis-em-sao-bernardo-do-campo","tag-embalagens-termoencolhiveis-em-sao-paulo","tag-embalagens-termoencolhiveis-em-sp","tag-embalagens-termoencolhiveis-na-imigrantes","tag-embalagens-termoencolhiveis-no-abc","tag-embalagens-termoencolhiveis-no-taboao","tag-embalagens-termoencolhiveis-perto-de-mim","tag-embalagens-termoencolhiveis-preco","tag-embalagens-termoencolhiveis-proximo-a-mim","tag-embalagens-termoencolhiveis-zona-sul","tag-empresa-de-embalagem-termoencolhivel","tag-empresa-de-embalagem-termoencolhivel-para","tag-empresa-de-embalagem-termoencolhivel-para-acougue","tag-empresa-de-embalagem-termoencolhivel-para-carnes","tag-empresa-de-embalagem-termoencolhivel-para-comida","tag-empresa-de-embalagem-termoencolhivel-para-frios","tag-empresa-de-embalagem-termoencolhivel-para-horti-frutti","tag-empresa-de-embalagem-termoencolhivel-para-mercado","tag-empresa-de-embalagens-termoencolhiveis","tag-empresa-de-solucoes-de-embalagem-termoencolhiveis","tag-empresa-de-termoencolhiveis","tag-fabrica-de-embalagem-termoencolhivel","tag-fabrica-de-embalagem-termoencolhivel-para","tag-fabrica-de-embalagem-termoencolhivel-para-acougue","tag-fabrica-de-embalagem-termoencolhivel-para-carnes","tag-fabrica-de-embalagem-termoencolhivel-para-comida","tag-fabrica-de-embalagem-termoencolhivel-para-frios","tag-fabrica-de-embalagem-termoencolhivel-para-horti-frutti","tag-fabrica-de-embalagem-termoencolhivel-para-mercado","tag-fabrica-de-embalagens-termoencolhiveis","tag-fabrica-de-solucoes-de-embalagem-termoencolhiveis","tag-fabrica-de-termoencolhiveis","tag-fabricante-de-embalagem-termoencolhivel","tag-fabricante-de-embalagem-termoencolhivel-para","tag-fabricante-de-embalagem-termoencolhivel-para-acougue","tag-fabricante-de-embalagem-termoencolhivel-para-carnes","tag-fabricante-de-embalagem-termoencolhivel-para-comida","tag-fabricante-de-embalagem-termoencolhivel-para-frios","tag-fabricante-de-embalagem-termoencolhivel-para-horti-frutti","tag-fabricante-de-embalagem-termoencolhivel-para-mercado","tag-fabricante-de-embalagens-termoencolhiveis","tag-fabricante-de-solucoes-de-embalagem-termoencolhiveis","tag-fabricante-de-termoencolhiveis","tag-fornecedor-de-embalagem-termoencolhivel","tag-fornecedor-de-embalagem-termoencolhivel-para","tag-fornecedor-de-embalagem-termoencolhivel-para-acougue","tag-fornecedor-de-embalagem-termoencolhivel-para-carnes","tag-fornecedor-de-embalagem-termoencolhivel-para-comida","tag-fornecedor-de-embalagem-termoencolhivel-para-frios","tag-fornecedor-de-embalagem-termoencolhivel-para-horti-frutti","tag-fornecedor-de-embalagem-termoencolhivel-para-mercado","tag-fornecedor-de-embalagens-termoencolhiveis","tag-fornecedor-de-solucoes-de-embalagem-termoencolhiveis","tag-fornecedor-de-termoencolhiveis","tag-loja-de-embalagem-termoencolhivel","tag-loja-de-embalagem-termoencolhivel-para","tag-loja-de-embalagem-termoencolhivel-para-acougue","tag-loja-de-embalagem-termoencolhivel-para-carnes","tag-loja-de-embalagem-termoencolhivel-para-comida","tag-loja-de-embalagem-termoencolhivel-para-frios","tag-loja-de-embalagem-termoencolhivel-para-horti-frutti","tag-loja-de-embalagem-termoencolhivel-para-mercado","tag-loja-de-embalagens-termoencolhiveis","tag-loja-de-solucoes-de-embalagem-termoencolhiveis","tag-loja-de-termoencolhiveis","tag-onde-encontrar-embalagem-termoencolhivel","tag-onde-encontrar-embalagem-termoencolhivel-para","tag-onde-encontrar-embalagem-termoencolhivel-para-acougue","tag-onde-encontrar-embalagem-termoencolhivel-para-carnes","tag-onde-encontrar-embalagem-termoencolhivel-para-comida","tag-onde-encontrar-embalagem-termoencolhivel-para-frios","tag-onde-encontrar-embalagem-termoencolhivel-para-horti-frutti","tag-onde-encontrar-embalagens-termoencolhiveis","tag-onde-encontrar-solucoes-de-embalagem-termoencolhiveis","tag-onde-encontrar-termoencolhiveis","tag-revendedor-de-embalagem-termoencolhivel","tag-revendedor-de-embalagem-termoencolhivel-para","tag-revendedor-de-embalagem-termoencolhivel-para-acougue","tag-revendedor-de-embalagem-termoencolhivel-para-carnes","tag-revendedor-de-embalagem-termoencolhivel-para-comida","tag-revendedor-de-embalagem-termoencolhivel-para-frios","tag-revendedor-de-embalagem-termoencolhivel-para-horti-frutti","tag-revendedor-de-embalagem-termoencolhivel-para-mercado","tag-revendedor-de-embalagens-termoencolhiveis","tag-revendedor-de-solucoes-de-embalagem-termoencolhiveis","tag-revendedor-de-termoencolhiveis","tag-solucoes-de-embalagem-termoencolhiveis-direto-da-fabrica","tag-solucoes-de-embalagem-termoencolhiveis-em-diadema","tag-solucoes-de-embalagem-termoencolhiveis-em-promocao","tag-solucoes-de-embalagem-termoencolhiveis-em-sao-bernardo-do-campo","tag-solucoes-de-embalagem-termoencolhiveis-em-sao-paulo","tag-solucoes-de-embalagem-termoencolhiveis-em-sp","tag-solucoes-de-embalagem-termoencolhiveis-na-imigrantes","tag-solucoes-de-embalagem-termoencolhiveis-no-abc","tag-solucoes-de-embalagem-termoencolhiveis-no-taboao","tag-solucoes-de-embalagem-termoencolhiveis-perto-de-mim","tag-solucoes-de-embalagem-termoencolhiveis-preco","tag-solucoes-de-embalagem-termoencolhiveis-proximo-a-mim","tag-solucoes-de-embalagem-termoencolhiveis-zona-sul","tag-termoencolhiveis-direto-da-fabrica","tag-termoencolhiveis-em-diadema","tag-termoencolhiveis-em-promocao","tag-termoencolhiveis-em-sao-bernardo-do-campo","tag-termoencolhiveis-em-sao-paulo","tag-termoencolhiveis-em-sp","tag-termoencolhiveis-na-imigrantes","tag-termoencolhiveis-no-abc","tag-termoencolhiveis-no-taboao","tag-termoencolhiveis-perto-de-mim","tag-termoencolhiveis-preco","tag-termoencolhiveis-proximo-a-mim","tag-termoencolhiveis-zona-sul"],"yoast_head":"<!-- This site is optimized with the Yoast SEO plugin v24.2 - https:\/\/yoast.com\/wordpress\/plugins\/seo\/ -->\n<title>Como escolher os melhores termoencolh\u00edveis para suas necessidades - Selopack<\/title>\n<meta name=\"description\" content=\"Descubra como escolher os melhores termoencolh\u00edveis para sua empresa e proteja seus produtos com embalagens de alta qualidade. Confira!\" \/>\n<meta name=\"robots\" content=\"noindex, follow, max-snippet:-1, max-image-preview:large, max-video-preview:-1\" \/>\n<meta property=\"og:locale\" content=\"pt_BR\" \/>\n<meta property=\"og:type\" content=\"article\" \/>\n<meta property=\"og:title\" content=\"Como escolher os melhores termoencolh\u00edveis para suas necessidades - Selopack\" \/>\n<meta property=\"og:description\" content=\"Descubra como escolher os melhores termoencolh\u00edveis para sua empresa e proteja seus produtos com embalagens de alta qualidade. Confira!\" \/>\n<meta property=\"og:url\" content=\"https:\/\/www.selopack.com.br\/blog\/termoencolhiveis\/como-escolher-os-melhores-termoencolhiveis-para-suas-necessidades\/\" \/>\n<meta property=\"og:site_name\" content=\"Selopack\" \/>\n<meta property=\"article:published_time\" content=\"2023-11-08T15:50:00+00:00\" \/>\n<meta property=\"article:modified_time\" content=\"2023-11-10T11:34:44+00:00\" \/>\n<meta property=\"og:image\" content=\"https:\/\/www.selopack.com.br\/blog\/wp-content\/uploads\/2023\/11\/packaged-meal-kit-packaged-food-ingredients-1-scaled.jpg\" \/>\n\t<meta property=\"og:image:width\" content=\"2560\" \/>\n\t<meta property=\"og:image:height\" content=\"1920\" \/>\n\t<meta property=\"og:image:type\" content=\"image\/jpeg\" \/>\n<meta name=\"author\" content=\"admin\" \/>\n<meta name=\"twitter:card\" content=\"summary_large_image\" \/>\n<meta name=\"twitter:label1\" content=\"Escrito por\" \/>\n\t<meta name=\"twitter:data1\" content=\"admin\" \/>\n\t<meta name=\"twitter:label2\" content=\"Est. tempo de leitura\" \/>\n\t<meta name=\"twitter:data2\" content=\"4 minutos\" \/>\n<script type=\"application\/ld+json\" class=\"yoast-schema-graph\">{\"@context\":\"https:\/\/schema.org\",\"@graph\":[{\"@type\":\"Article\",\"@id\":\"https:\/\/www.selopack.com.br\/blog\/termoencolhiveis\/como-escolher-os-melhores-termoencolhiveis-para-suas-necessidades\/#article\",\"isPartOf\":{\"@id\":\"https:\/\/www.selopack.com.br\/blog\/termoencolhiveis\/como-escolher-os-melhores-termoencolhiveis-para-suas-necessidades\/\"},\"author\":{\"name\":\"admin\",\"@id\":\"https:\/\/www.selopack.com.br\/blog\/#\/schema\/person\/3be1f1a8813bdca19485331225197583\"},\"headline\":\"Como escolher os melhores termoencolh\u00edveis para suas necessidades\",\"datePublished\":\"2023-11-08T15:50:00+00:00\",\"dateModified\":\"2023-11-10T11:34:44+00:00\",\"mainEntityOfPage\":{\"@id\":\"https:\/\/www.selopack.com.br\/blog\/termoencolhiveis\/como-escolher-os-melhores-termoencolhiveis-para-suas-necessidades\/\"},\"wordCount\":684,\"commentCount\":0,\"publisher\":{\"@id\":\"https:\/\/www.selopack.com.br\/blog\/#organization\"},\"image\":{\"@id\":\"https:\/\/www.selopack.com.br\/blog\/termoencolhiveis\/como-escolher-os-melhores-termoencolhiveis-para-suas-necessidades\/#primaryimage\"},\"thumbnailUrl\":\"https:\/\/www.selopack.com.br\/blog\/wp-content\/uploads\/2023\/11\/packaged-meal-kit-packaged-food-ingredients-1-scaled.jpg\",\"keywords\":[\"comprar embalagem termoencolh\u00edvel\",\"comprar embalagem termoencolh\u00edvel para\",\"comprar embalagem termoencolh\u00edvel para a\u00e7ougue\",\"comprar embalagem termoencolh\u00edvel para carnes\",\"comprar embalagem termoencolh\u00edvel para comida\",\"comprar embalagem termoencolh\u00edvel para frios\",\"comprar embalagem termoencolh\u00edvel para horti-frutti\",\"comprar embalagem termoencolh\u00edvel para mercado\",\"comprar embalagens termoencolh\u00edveis\",\"comprar Solu\u00e7\u00f5es de embalagem termoencolh\u00edveis\",\"comprar termoencolh\u00edveis\",\"distribuidor de embalagem termoencolh\u00edvel\",\"distribuidor de embalagem termoencolh\u00edvel para\",\"distribuidor de embalagem termoencolh\u00edvel para a\u00e7ougue\",\"distribuidor de embalagem termoencolh\u00edvel para carnes\",\"distribuidor de embalagem termoencolh\u00edvel para comida\",\"distribuidor de embalagem termoencolh\u00edvel para frios\",\"distribuidor de embalagem termoencolh\u00edvel para horti-frutti\",\"distribuidor de embalagem termoencolh\u00edvel para mercado\",\"distribuidor de embalagens termoencolh\u00edveis\",\"distribuidor de Solu\u00e7\u00f5es de embalagem termoencolh\u00edveis\",\"distribuidor de termoencolh\u00edveis\",\"distribuidora de embalagem termoencolh\u00edvel\",\"distribuidora de embalagem termoencolh\u00edvel para\",\"distribuidora de embalagem termoencolh\u00edvel para a\u00e7ougue\",\"distribuidora de embalagem termoencolh\u00edvel para carnes\",\"distribuidora de embalagem termoencolh\u00edvel para comida\",\"distribuidora de embalagem termoencolh\u00edvel para frios\",\"distribuidora de embalagem termoencolh\u00edvel para horti-frutti\",\"distribuidora de embalagem termoencolh\u00edvel para mercado\",\"distribuidora de embalagens termoencolh\u00edveis\",\"distribuidora de Solu\u00e7\u00f5es de embalagem termoencolh\u00edveis\",\"distribuidora de termoencolh\u00edveis\",\"embalagem termoencolh\u00edvel direto da fabrica\",\"embalagem termoencolh\u00edvel em Diadema\",\"embalagem termoencolh\u00edvel em promo\u00e7\u00e3o\",\"embalagem termoencolh\u00edvel em S\u00e3o Bernardo do Campo\",\"embalagem termoencolh\u00edvel em s\u00e3o paulo\",\"embalagem termoencolh\u00edvel em sp\",\"embalagem termoencolh\u00edvel na Imigrantes\",\"embalagem termoencolh\u00edvel no ABC\",\"embalagem termoencolh\u00edvel no Tabo\u00e3o\",\"embalagem termoencolh\u00edvel para a\u00e7ougue direto da fabrica\",\"embalagem termoencolh\u00edvel para a\u00e7ougue em Diadema\",\"embalagem termoencolh\u00edvel para a\u00e7ougue em promo\u00e7\u00e3o\",\"embalagem termoencolh\u00edvel para a\u00e7ougue em S\u00e3o Bernardo do Campo\",\"embalagem termoencolh\u00edvel para a\u00e7ougue em s\u00e3o paulo\",\"embalagem termoencolh\u00edvel para a\u00e7ougue em sp\",\"embalagem termoencolh\u00edvel para a\u00e7ougue na Imigrantes\",\"embalagem termoencolh\u00edvel para a\u00e7ougue no ABC\",\"embalagem termoencolh\u00edvel para a\u00e7ougue no Tabo\u00e3o\",\"embalagem termoencolh\u00edvel para a\u00e7ougue perto de mim\",\"embalagem termoencolh\u00edvel para a\u00e7ougue pre\u00e7o\",\"embalagem termoencolh\u00edvel para a\u00e7ougue pr\u00f3ximo a mim\",\"embalagem termoencolh\u00edvel para a\u00e7ougue zona sul\",\"embalagem termoencolh\u00edvel para carnes direto da fabrica\",\"embalagem termoencolh\u00edvel para carnes em Diadema\",\"embalagem termoencolh\u00edvel para carnes em promo\u00e7\u00e3o\",\"embalagem termoencolh\u00edvel para carnes em S\u00e3o Bernardo do Campo\",\"embalagem termoencolh\u00edvel para carnes em s\u00e3o paulo\",\"embalagem termoencolh\u00edvel para carnes em sp\",\"embalagem termoencolh\u00edvel para carnes na Imigrantes\",\"embalagem termoencolh\u00edvel para carnes no ABC\",\"embalagem termoencolh\u00edvel para carnes no Tabo\u00e3o\",\"embalagem termoencolh\u00edvel para carnes perto de mim\",\"embalagem termoencolh\u00edvel para carnes pre\u00e7o\",\"embalagem termoencolh\u00edvel para carnes pr\u00f3ximo a mim\",\"embalagem termoencolh\u00edvel para carnes zona sul\",\"embalagem termoencolh\u00edvel para comida direto da fabrica\",\"embalagem termoencolh\u00edvel para comida em Diadema\",\"embalagem termoencolh\u00edvel para comida em promo\u00e7\u00e3o\",\"embalagem termoencolh\u00edvel para comida em S\u00e3o Bernardo do Campo\",\"embalagem termoencolh\u00edvel para comida em s\u00e3o paulo\",\"embalagem termoencolh\u00edvel para comida em sp\",\"embalagem termoencolh\u00edvel para comida na Imigrantes\",\"embalagem termoencolh\u00edvel para comida no ABC\",\"embalagem termoencolh\u00edvel para comida no Tabo\u00e3o\",\"embalagem termoencolh\u00edvel para comida perto de mim\",\"embalagem termoencolh\u00edvel para comida pre\u00e7o\",\"embalagem termoencolh\u00edvel para comida pr\u00f3ximo a mim\",\"embalagem termoencolh\u00edvel para comida zona sul\",\"embalagem termoencolh\u00edvel para direto da fabrica\",\"embalagem termoencolh\u00edvel para em Diadema\",\"embalagem termoencolh\u00edvel para em promo\u00e7\u00e3o\",\"embalagem termoencolh\u00edvel para em S\u00e3o Bernardo do Campo\",\"embalagem termoencolh\u00edvel para em s\u00e3o paulo\",\"embalagem termoencolh\u00edvel para em sp\",\"embalagem termoencolh\u00edvel para frios direto da fabrica\",\"embalagem termoencolh\u00edvel para frios em Diadema\",\"embalagem termoencolh\u00edvel para frios em promo\u00e7\u00e3o\",\"embalagem termoencolh\u00edvel para frios em S\u00e3o Bernardo do Campo\",\"embalagem termoencolh\u00edvel para frios em s\u00e3o paulo\",\"embalagem termoencolh\u00edvel para frios em sp\",\"embalagem termoencolh\u00edvel para frios na Imigrantes\",\"embalagem termoencolh\u00edvel para frios no ABC\",\"embalagem termoencolh\u00edvel para frios no Tabo\u00e3o\",\"embalagem termoencolh\u00edvel para frios perto de mim\",\"embalagem termoencolh\u00edvel para frios pre\u00e7o\",\"embalagem termoencolh\u00edvel para frios pr\u00f3ximo a mim\",\"embalagem termoencolh\u00edvel para frios zona sul\",\"embalagem termoencolh\u00edvel para horti-frutti direto da fabrica\",\"embalagem termoencolh\u00edvel para horti-frutti em Diadema\",\"embalagem termoencolh\u00edvel para horti-frutti em promo\u00e7\u00e3o\",\"embalagem termoencolh\u00edvel para horti-frutti em S\u00e3o Bernardo do Campo\",\"embalagem termoencolh\u00edvel para horti-frutti em s\u00e3o paulo\",\"embalagem termoencolh\u00edvel para horti-frutti em sp\",\"embalagem termoencolh\u00edvel para horti-frutti na Imigrantes\",\"embalagem termoencolh\u00edvel para horti-frutti no ABC\",\"embalagem termoencolh\u00edvel para horti-frutti no Tabo\u00e3o\",\"embalagem termoencolh\u00edvel para horti-frutti perto de mim\",\"embalagem termoencolh\u00edvel para horti-frutti pre\u00e7o\",\"embalagem termoencolh\u00edvel para horti-frutti pr\u00f3ximo a mim\",\"embalagem termoencolh\u00edvel para horti-frutti zona sul\",\"embalagem termoencolh\u00edvel para mercado direto da fabrica\",\"embalagem termoencolh\u00edvel para mercado em Diadema\",\"embalagem termoencolh\u00edvel para mercado em promo\u00e7\u00e3o\",\"embalagem termoencolh\u00edvel para mercado em S\u00e3o Bernardo do Campo\",\"embalagem termoencolh\u00edvel para mercado em s\u00e3o paulo\",\"embalagem termoencolh\u00edvel para mercado em sp\",\"embalagem termoencolh\u00edvel para mercado na Imigrantes\",\"embalagem termoencolh\u00edvel para mercado no ABC\",\"embalagem termoencolh\u00edvel para mercado no Tabo\u00e3o\",\"embalagem termoencolh\u00edvel para mercado perto de mim\",\"embalagem termoencolh\u00edvel para mercado pre\u00e7o\",\"embalagem termoencolh\u00edvel para mercado pr\u00f3ximo a mim\",\"embalagem termoencolh\u00edvel para mercado zona sul\",\"embalagem termoencolh\u00edvel para na Imigrantes\",\"embalagem termoencolh\u00edvel para no ABC\",\"embalagem termoencolh\u00edvel para no Tabo\u00e3o\",\"embalagem termoencolh\u00edvel para perto de mim\",\"embalagem termoencolh\u00edvel para pre\u00e7o\",\"embalagem termoencolh\u00edvel para pr\u00f3ximo a mim\",\"embalagem termoencolh\u00edvel para zona sul\",\"embalagem termoencolh\u00edvel perto de mim\",\"embalagem termoencolh\u00edvel pre\u00e7o\",\"embalagem termoencolh\u00edvel pr\u00f3ximo a mim\",\"embalagem termoencolh\u00edvel zona sul\",\"embalagens termoencolh\u00edveis direto da fabrica\",\"embalagens termoencolh\u00edveis em Diadema\",\"embalagens termoencolh\u00edveis em promo\u00e7\u00e3o\",\"embalagens termoencolh\u00edveis em S\u00e3o Bernardo do Campo\",\"embalagens termoencolh\u00edveis em s\u00e3o paulo\",\"embalagens termoencolh\u00edveis em sp\",\"embalagens termoencolh\u00edveis na Imigrantes\",\"embalagens termoencolh\u00edveis no ABC\",\"embalagens termoencolh\u00edveis no Tabo\u00e3o\",\"embalagens termoencolh\u00edveis perto de mim\",\"embalagens termoencolh\u00edveis pre\u00e7o\",\"embalagens termoencolh\u00edveis pr\u00f3ximo a mim\",\"embalagens termoencolh\u00edveis zona sul\",\"empresa de embalagem termoencolh\u00edvel\",\"empresa de embalagem termoencolh\u00edvel para\",\"empresa de embalagem termoencolh\u00edvel para a\u00e7ougue\",\"empresa de embalagem termoencolh\u00edvel para carnes\",\"empresa de embalagem termoencolh\u00edvel para comida\",\"empresa de embalagem termoencolh\u00edvel para frios\",\"empresa de embalagem termoencolh\u00edvel para horti-frutti\",\"empresa de embalagem termoencolh\u00edvel para mercado\",\"empresa de embalagens termoencolh\u00edveis\",\"empresa de Solu\u00e7\u00f5es de embalagem termoencolh\u00edveis\",\"empresa de termoencolh\u00edveis\",\"f\u00e1brica de embalagem termoencolh\u00edvel\",\"f\u00e1brica de embalagem termoencolh\u00edvel para\",\"f\u00e1brica de embalagem termoencolh\u00edvel para a\u00e7ougue\",\"f\u00e1brica de embalagem termoencolh\u00edvel para carnes\",\"f\u00e1brica de embalagem termoencolh\u00edvel para comida\",\"f\u00e1brica de embalagem termoencolh\u00edvel para frios\",\"f\u00e1brica de embalagem termoencolh\u00edvel para horti-frutti\",\"f\u00e1brica de embalagem termoencolh\u00edvel para mercado\",\"f\u00e1brica de embalagens termoencolh\u00edveis\",\"f\u00e1brica de Solu\u00e7\u00f5es de embalagem termoencolh\u00edveis\",\"f\u00e1brica de termoencolh\u00edveis\",\"fabricante de embalagem termoencolh\u00edvel\",\"fabricante de embalagem termoencolh\u00edvel para\",\"fabricante de embalagem termoencolh\u00edvel para a\u00e7ougue\",\"fabricante de embalagem termoencolh\u00edvel para carnes\",\"fabricante de embalagem termoencolh\u00edvel para comida\",\"fabricante de embalagem termoencolh\u00edvel para frios\",\"fabricante de embalagem termoencolh\u00edvel para horti-frutti\",\"fabricante de embalagem termoencolh\u00edvel para mercado\",\"fabricante de embalagens termoencolh\u00edveis\",\"fabricante de Solu\u00e7\u00f5es de embalagem termoencolh\u00edveis\",\"fabricante de termoencolh\u00edveis\",\"fornecedor de embalagem termoencolh\u00edvel\",\"fornecedor de embalagem termoencolh\u00edvel para\",\"fornecedor de embalagem termoencolh\u00edvel para a\u00e7ougue\",\"fornecedor de embalagem termoencolh\u00edvel para carnes\",\"fornecedor de embalagem termoencolh\u00edvel para comida\",\"fornecedor de embalagem termoencolh\u00edvel para frios\",\"fornecedor de embalagem termoencolh\u00edvel para horti-frutti\",\"fornecedor de embalagem termoencolh\u00edvel para mercado\",\"fornecedor de embalagens termoencolh\u00edveis\",\"fornecedor de Solu\u00e7\u00f5es de embalagem termoencolh\u00edveis\",\"fornecedor de termoencolh\u00edveis\",\"loja de embalagem termoencolh\u00edvel\",\"loja de embalagem termoencolh\u00edvel para\",\"loja de embalagem termoencolh\u00edvel para a\u00e7ougue\",\"loja de embalagem termoencolh\u00edvel para carnes\",\"loja de embalagem termoencolh\u00edvel para comida\",\"loja de embalagem termoencolh\u00edvel para frios\",\"loja de embalagem termoencolh\u00edvel para horti-frutti\",\"loja de embalagem termoencolh\u00edvel para mercado\",\"loja de embalagens termoencolh\u00edveis\",\"loja de Solu\u00e7\u00f5es de embalagem termoencolh\u00edveis\",\"loja de termoencolh\u00edveis\",\"onde encontrar embalagem termoencolh\u00edvel\",\"onde encontrar embalagem termoencolh\u00edvel para\",\"onde encontrar embalagem termoencolh\u00edvel para a\u00e7ougue\",\"onde encontrar embalagem termoencolh\u00edvel para carnes\",\"onde encontrar embalagem termoencolh\u00edvel para comida\",\"onde encontrar embalagem termoencolh\u00edvel para frios\",\"onde encontrar embalagem termoencolh\u00edvel para horti-frutti\",\"onde encontrar embalagens termoencolh\u00edveis\",\"onde encontrar Solu\u00e7\u00f5es de embalagem termoencolh\u00edveis\",\"onde encontrar termoencolh\u00edveis\",\"revendedor de embalagem termoencolh\u00edvel\",\"revendedor de embalagem termoencolh\u00edvel para\",\"revendedor de embalagem termoencolh\u00edvel para a\u00e7ougue\",\"revendedor de embalagem termoencolh\u00edvel para carnes\",\"revendedor de embalagem termoencolh\u00edvel para comida\",\"revendedor de embalagem termoencolh\u00edvel para frios\",\"revendedor de embalagem termoencolh\u00edvel para horti-frutti\",\"revendedor de embalagem termoencolh\u00edvel para mercado\",\"revendedor de embalagens termoencolh\u00edveis\",\"revendedor de Solu\u00e7\u00f5es de embalagem termoencolh\u00edveis\",\"revendedor de termoencolh\u00edveis\",\"Solu\u00e7\u00f5es de embalagem termoencolh\u00edveis direto da fabrica\",\"Solu\u00e7\u00f5es de embalagem termoencolh\u00edveis em Diadema\",\"Solu\u00e7\u00f5es de embalagem termoencolh\u00edveis em promo\u00e7\u00e3o\",\"Solu\u00e7\u00f5es de embalagem termoencolh\u00edveis em S\u00e3o Bernardo do Campo\",\"Solu\u00e7\u00f5es de embalagem termoencolh\u00edveis em s\u00e3o paulo\",\"Solu\u00e7\u00f5es de embalagem termoencolh\u00edveis em sp\",\"Solu\u00e7\u00f5es de embalagem termoencolh\u00edveis na Imigrantes\",\"Solu\u00e7\u00f5es de embalagem termoencolh\u00edveis no ABC\",\"Solu\u00e7\u00f5es de embalagem termoencolh\u00edveis no Tabo\u00e3o\",\"Solu\u00e7\u00f5es de embalagem termoencolh\u00edveis perto de mim\",\"Solu\u00e7\u00f5es de embalagem termoencolh\u00edveis pre\u00e7o\",\"Solu\u00e7\u00f5es de embalagem termoencolh\u00edveis pr\u00f3ximo a mim\",\"Solu\u00e7\u00f5es de embalagem termoencolh\u00edveis zona sul\",\"termoencolh\u00edveis direto da fabrica\",\"termoencolh\u00edveis em Diadema\",\"termoencolh\u00edveis em promo\u00e7\u00e3o\",\"termoencolh\u00edveis em S\u00e3o Bernardo do Campo\",\"termoencolh\u00edveis em s\u00e3o paulo\",\"termoencolh\u00edveis em sp\",\"termoencolh\u00edveis na Imigrantes\",\"termoencolh\u00edveis no ABC\",\"termoencolh\u00edveis no Tabo\u00e3o\",\"termoencolh\u00edveis perto de mim\",\"termoencolh\u00edveis pre\u00e7o\",\"termoencolh\u00edveis pr\u00f3ximo a mim\",\"termoencolh\u00edveis zona sul\"],\"articleSection\":[\"termoencolh\u00edveis\"],\"inLanguage\":\"pt-BR\",\"potentialAction\":[{\"@type\":\"CommentAction\",\"name\":\"Comment\",\"target\":[\"https:\/\/www.selopack.com.br\/blog\/termoencolhiveis\/como-escolher-os-melhores-termoencolhiveis-para-suas-necessidades\/#respond\"]}]},{\"@type\":\"WebPage\",\"@id\":\"https:\/\/www.selopack.com.br\/blog\/termoencolhiveis\/como-escolher-os-melhores-termoencolhiveis-para-suas-necessidades\/\",\"url\":\"https:\/\/www.selopack.com.br\/blog\/termoencolhiveis\/como-escolher-os-melhores-termoencolhiveis-para-suas-necessidades\/\",\"name\":\"Como escolher os melhores termoencolh\u00edveis para suas necessidades - Selopack\",\"isPartOf\":{\"@id\":\"https:\/\/www.selopack.com.br\/blog\/#website\"},\"primaryImageOfPage\":{\"@id\":\"https:\/\/www.selopack.com.br\/blog\/termoencolhiveis\/como-escolher-os-melhores-termoencolhiveis-para-suas-necessidades\/#primaryimage\"},\"image\":{\"@id\":\"https:\/\/www.selopack.com.br\/blog\/termoencolhiveis\/como-escolher-os-melhores-termoencolhiveis-para-suas-necessidades\/#primaryimage\"},\"thumbnailUrl\":\"https:\/\/www.selopack.com.br\/blog\/wp-content\/uploads\/2023\/11\/packaged-meal-kit-packaged-food-ingredients-1-scaled.jpg\",\"datePublished\":\"2023-11-08T15:50:00+00:00\",\"dateModified\":\"2023-11-10T11:34:44+00:00\",\"description\":\"Descubra como escolher os melhores termoencolh\u00edveis para sua empresa e proteja seus produtos com embalagens de alta qualidade. Confira!\",\"breadcrumb\":{\"@id\":\"https:\/\/www.selopack.com.br\/blog\/termoencolhiveis\/como-escolher-os-melhores-termoencolhiveis-para-suas-necessidades\/#breadcrumb\"},\"inLanguage\":\"pt-BR\",\"potentialAction\":[{\"@type\":\"ReadAction\",\"target\":[\"https:\/\/www.selopack.com.br\/blog\/termoencolhiveis\/como-escolher-os-melhores-termoencolhiveis-para-suas-necessidades\/\"]}]},{\"@type\":\"ImageObject\",\"inLanguage\":\"pt-BR\",\"@id\":\"https:\/\/www.selopack.com.br\/blog\/termoencolhiveis\/como-escolher-os-melhores-termoencolhiveis-para-suas-necessidades\/#primaryimage\",\"url\":\"https:\/\/www.selopack.com.br\/blog\/wp-content\/uploads\/2023\/11\/packaged-meal-kit-packaged-food-ingredients-1-scaled.jpg\",\"contentUrl\":\"https:\/\/www.selopack.com.br\/blog\/wp-content\/uploads\/2023\/11\/packaged-meal-kit-packaged-food-ingredients-1-scaled.jpg\",\"width\":2560,\"height\":1920,\"caption\":\"Como escolher os melhores termoencolh\u00edveis para suas necessidades\"},{\"@type\":\"BreadcrumbList\",\"@id\":\"https:\/\/www.selopack.com.br\/blog\/termoencolhiveis\/como-escolher-os-melhores-termoencolhiveis-para-suas-necessidades\/#breadcrumb\",\"itemListElement\":[{\"@type\":\"ListItem\",\"position\":1,\"name\":\"In\u00edcio\",\"item\":\"https:\/\/www.selopack.com.br\/blog\/\"},{\"@type\":\"ListItem\",\"position\":2,\"name\":\"Como escolher os melhores termoencolh\u00edveis para suas necessidades\"}]},{\"@type\":\"WebSite\",\"@id\":\"https:\/\/www.selopack.com.br\/blog\/#website\",\"url\":\"https:\/\/www.selopack.com.br\/blog\/\",\"name\":\"Selopack\",\"description\":\"Selopack Blog\",\"publisher\":{\"@id\":\"https:\/\/www.selopack.com.br\/blog\/#organization\"},\"potentialAction\":[{\"@type\":\"SearchAction\",\"target\":{\"@type\":\"EntryPoint\",\"urlTemplate\":\"https:\/\/www.selopack.com.br\/blog\/?s={search_term_string}\"},\"query-input\":{\"@type\":\"PropertyValueSpecification\",\"valueRequired\":true,\"valueName\":\"search_term_string\"}}],\"inLanguage\":\"pt-BR\"},{\"@type\":\"Organization\",\"@id\":\"https:\/\/www.selopack.com.br\/blog\/#organization\",\"name\":\"Selopack\",\"url\":\"https:\/\/www.selopack.com.br\/blog\/\",\"logo\":{\"@type\":\"ImageObject\",\"inLanguage\":\"pt-BR\",\"@id\":\"https:\/\/www.selopack.com.br\/blog\/#\/schema\/logo\/image\/\",\"url\":\"https:\/\/www.selopack.com.br\/blog\/wp-content\/uploads\/2023\/08\/logo.png\",\"contentUrl\":\"https:\/\/www.selopack.com.br\/blog\/wp-content\/uploads\/2023\/08\/logo.png\",\"width\":200,\"height\":80,\"caption\":\"Selopack\"},\"image\":{\"@id\":\"https:\/\/www.selopack.com.br\/blog\/#\/schema\/logo\/image\/\"}},{\"@type\":\"Person\",\"@id\":\"https:\/\/www.selopack.com.br\/blog\/#\/schema\/person\/3be1f1a8813bdca19485331225197583\",\"name\":\"admin\",\"image\":{\"@type\":\"ImageObject\",\"inLanguage\":\"pt-BR\",\"@id\":\"https:\/\/www.selopack.com.br\/blog\/#\/schema\/person\/image\/\",\"url\":\"https:\/\/secure.gravatar.com\/avatar\/3813f53848958b8842eeafda91666185a90010f65ed554379b78794cde6f234a?s=96&d=mm&r=g\",\"contentUrl\":\"https:\/\/secure.gravatar.com\/avatar\/3813f53848958b8842eeafda91666185a90010f65ed554379b78794cde6f234a?s=96&d=mm&r=g\",\"caption\":\"admin\"},\"sameAs\":[\"https:\/\/www.selopack.com.br\/blog\"],\"url\":\"https:\/\/www.selopack.com.br\/blog\/author\/admin\/\"}]}<\/script>\n<!-- \/ Yoast SEO plugin. -->","yoast_head_json":{"title":"Como escolher os melhores termoencolh\u00edveis para suas necessidades - Selopack","description":"Descubra como escolher os melhores termoencolh\u00edveis para sua empresa e proteja seus produtos com embalagens de alta qualidade. Confira!","robots":{"index":"noindex","follow":"follow","max-snippet":"max-snippet:-1","max-image-preview":"max-image-preview:large","max-video-preview":"max-video-preview:-1"},"og_locale":"pt_BR","og_type":"article","og_title":"Como escolher os melhores termoencolh\u00edveis para suas necessidades - Selopack","og_description":"Descubra como escolher os melhores termoencolh\u00edveis para sua empresa e proteja seus produtos com embalagens de alta qualidade. Confira!","og_url":"https:\/\/www.selopack.com.br\/blog\/termoencolhiveis\/como-escolher-os-melhores-termoencolhiveis-para-suas-necessidades\/","og_site_name":"Selopack","article_published_time":"2023-11-08T15:50:00+00:00","article_modified_time":"2023-11-10T11:34:44+00:00","og_image":[{"width":2560,"height":1920,"url":"https:\/\/www.selopack.com.br\/blog\/wp-content\/uploads\/2023\/11\/packaged-meal-kit-packaged-food-ingredients-1-scaled.jpg","type":"image\/jpeg"}],"author":"admin","twitter_card":"summary_large_image","twitter_misc":{"Escrito por":"admin","Est. tempo de leitura":"4 minutos"},"schema":{"@context":"https:\/\/schema.org","@graph":[{"@type":"Article","@id":"https:\/\/www.selopack.com.br\/blog\/termoencolhiveis\/como-escolher-os-melhores-termoencolhiveis-para-suas-necessidades\/#article","isPartOf":{"@id":"https:\/\/www.selopack.com.br\/blog\/termoencolhiveis\/como-escolher-os-melhores-termoencolhiveis-para-suas-necessidades\/"},"author":{"name":"admin","@id":"https:\/\/www.selopack.com.br\/blog\/#\/schema\/person\/3be1f1a8813bdca19485331225197583"},"headline":"Como escolher os melhores termoencolh\u00edveis para suas necessidades","datePublished":"2023-11-08T15:50:00+00:00","dateModified":"2023-11-10T11:34:44+00:00","mainEntityOfPage":{"@id":"https:\/\/www.selopack.com.br\/blog\/termoencolhiveis\/como-escolher-os-melhores-termoencolhiveis-para-suas-necessidades\/"},"wordCount":684,"commentCount":0,"publisher":{"@id":"https:\/\/www.selopack.com.br\/blog\/#organization"},"image":{"@id":"https:\/\/www.selopack.com.br\/blog\/termoencolhiveis\/como-escolher-os-melhores-termoencolhiveis-para-suas-necessidades\/#primaryimage"},"thumbnailUrl":"https:\/\/www.selopack.com.br\/blog\/wp-content\/uploads\/2023\/11\/packaged-meal-kit-packaged-food-ingredients-1-scaled.jpg","keywords":["comprar embalagem termoencolh\u00edvel","comprar embalagem termoencolh\u00edvel para","comprar embalagem termoencolh\u00edvel para a\u00e7ougue","comprar embalagem termoencolh\u00edvel para carnes","comprar embalagem termoencolh\u00edvel para comida","comprar embalagem termoencolh\u00edvel para frios","comprar embalagem termoencolh\u00edvel para horti-frutti","comprar embalagem termoencolh\u00edvel para mercado","comprar embalagens termoencolh\u00edveis","comprar Solu\u00e7\u00f5es de embalagem termoencolh\u00edveis","comprar termoencolh\u00edveis","distribuidor de embalagem termoencolh\u00edvel","distribuidor de embalagem termoencolh\u00edvel para","distribuidor de embalagem termoencolh\u00edvel para a\u00e7ougue","distribuidor de embalagem termoencolh\u00edvel para carnes","distribuidor de embalagem termoencolh\u00edvel para comida","distribuidor de embalagem termoencolh\u00edvel para frios","distribuidor de embalagem termoencolh\u00edvel para horti-frutti","distribuidor de embalagem termoencolh\u00edvel para mercado","distribuidor de embalagens termoencolh\u00edveis","distribuidor de Solu\u00e7\u00f5es de embalagem termoencolh\u00edveis","distribuidor de termoencolh\u00edveis","distribuidora de embalagem termoencolh\u00edvel","distribuidora de embalagem termoencolh\u00edvel para","distribuidora de embalagem termoencolh\u00edvel para a\u00e7ougue","distribuidora de embalagem termoencolh\u00edvel para carnes","distribuidora de embalagem termoencolh\u00edvel para comida","distribuidora de embalagem termoencolh\u00edvel para frios","distribuidora de embalagem termoencolh\u00edvel para horti-frutti","distribuidora de embalagem termoencolh\u00edvel para mercado","distribuidora de embalagens termoencolh\u00edveis","distribuidora de Solu\u00e7\u00f5es de embalagem termoencolh\u00edveis","distribuidora de termoencolh\u00edveis","embalagem termoencolh\u00edvel direto da fabrica","embalagem termoencolh\u00edvel em Diadema","embalagem termoencolh\u00edvel em promo\u00e7\u00e3o","embalagem termoencolh\u00edvel em S\u00e3o Bernardo do Campo","embalagem termoencolh\u00edvel em s\u00e3o paulo","embalagem termoencolh\u00edvel em sp","embalagem termoencolh\u00edvel na Imigrantes","embalagem termoencolh\u00edvel no ABC","embalagem termoencolh\u00edvel no Tabo\u00e3o","embalagem termoencolh\u00edvel para a\u00e7ougue direto da fabrica","embalagem termoencolh\u00edvel para a\u00e7ougue em Diadema","embalagem termoencolh\u00edvel para a\u00e7ougue em promo\u00e7\u00e3o","embalagem termoencolh\u00edvel para a\u00e7ougue em S\u00e3o Bernardo do Campo","embalagem termoencolh\u00edvel para a\u00e7ougue em s\u00e3o paulo","embalagem termoencolh\u00edvel para a\u00e7ougue em sp","embalagem termoencolh\u00edvel para a\u00e7ougue na Imigrantes","embalagem termoencolh\u00edvel para a\u00e7ougue no ABC","embalagem termoencolh\u00edvel para a\u00e7ougue no Tabo\u00e3o","embalagem termoencolh\u00edvel para a\u00e7ougue perto de mim","embalagem termoencolh\u00edvel para a\u00e7ougue pre\u00e7o","embalagem termoencolh\u00edvel para a\u00e7ougue pr\u00f3ximo a mim","embalagem termoencolh\u00edvel para a\u00e7ougue zona sul","embalagem termoencolh\u00edvel para carnes direto da fabrica","embalagem termoencolh\u00edvel para carnes em Diadema","embalagem termoencolh\u00edvel para carnes em promo\u00e7\u00e3o","embalagem termoencolh\u00edvel para carnes em S\u00e3o Bernardo do Campo","embalagem termoencolh\u00edvel para carnes em s\u00e3o paulo","embalagem termoencolh\u00edvel para carnes em sp","embalagem termoencolh\u00edvel para carnes na Imigrantes","embalagem termoencolh\u00edvel para carnes no ABC","embalagem termoencolh\u00edvel para carnes no Tabo\u00e3o","embalagem termoencolh\u00edvel para carnes perto de mim","embalagem termoencolh\u00edvel para carnes pre\u00e7o","embalagem termoencolh\u00edvel para carnes pr\u00f3ximo a mim","embalagem termoencolh\u00edvel para carnes zona sul","embalagem termoencolh\u00edvel para comida direto da fabrica","embalagem termoencolh\u00edvel para comida em Diadema","embalagem termoencolh\u00edvel para comida em promo\u00e7\u00e3o","embalagem termoencolh\u00edvel para comida em S\u00e3o Bernardo do Campo","embalagem termoencolh\u00edvel para comida em s\u00e3o paulo","embalagem termoencolh\u00edvel para comida em sp","embalagem termoencolh\u00edvel para comida na Imigrantes","embalagem termoencolh\u00edvel para comida no ABC","embalagem termoencolh\u00edvel para comida no Tabo\u00e3o","embalagem termoencolh\u00edvel para comida perto de mim","embalagem termoencolh\u00edvel para comida pre\u00e7o","embalagem termoencolh\u00edvel para comida pr\u00f3ximo a mim","embalagem termoencolh\u00edvel para comida zona sul","embalagem termoencolh\u00edvel para direto da fabrica","embalagem termoencolh\u00edvel para em Diadema","embalagem termoencolh\u00edvel para em promo\u00e7\u00e3o","embalagem termoencolh\u00edvel para em S\u00e3o Bernardo do Campo","embalagem termoencolh\u00edvel para em s\u00e3o paulo","embalagem termoencolh\u00edvel para em sp","embalagem termoencolh\u00edvel para frios direto da fabrica","embalagem termoencolh\u00edvel para frios em Diadema","embalagem termoencolh\u00edvel para frios em promo\u00e7\u00e3o","embalagem termoencolh\u00edvel para frios em S\u00e3o Bernardo do Campo","embalagem termoencolh\u00edvel para frios em s\u00e3o paulo","embalagem termoencolh\u00edvel para frios em sp","embalagem termoencolh\u00edvel para frios na Imigrantes","embalagem termoencolh\u00edvel para frios no ABC","embalagem termoencolh\u00edvel para frios no Tabo\u00e3o","embalagem termoencolh\u00edvel para frios perto de mim","embalagem termoencolh\u00edvel para frios pre\u00e7o","embalagem termoencolh\u00edvel para frios pr\u00f3ximo a mim","embalagem termoencolh\u00edvel para frios zona sul","embalagem termoencolh\u00edvel para horti-frutti direto da fabrica","embalagem termoencolh\u00edvel para horti-frutti em Diadema","embalagem termoencolh\u00edvel para horti-frutti em promo\u00e7\u00e3o","embalagem termoencolh\u00edvel para horti-frutti em S\u00e3o Bernardo do Campo","embalagem termoencolh\u00edvel para horti-frutti em s\u00e3o paulo","embalagem termoencolh\u00edvel para horti-frutti em sp","embalagem termoencolh\u00edvel para horti-frutti na Imigrantes","embalagem termoencolh\u00edvel para horti-frutti no ABC","embalagem termoencolh\u00edvel para horti-frutti no Tabo\u00e3o","embalagem termoencolh\u00edvel para horti-frutti perto de mim","embalagem termoencolh\u00edvel para horti-frutti pre\u00e7o","embalagem termoencolh\u00edvel para horti-frutti pr\u00f3ximo a mim","embalagem termoencolh\u00edvel para horti-frutti zona sul","embalagem termoencolh\u00edvel para mercado direto da fabrica","embalagem termoencolh\u00edvel para mercado em Diadema","embalagem termoencolh\u00edvel para mercado em promo\u00e7\u00e3o","embalagem termoencolh\u00edvel para mercado em S\u00e3o Bernardo do Campo","embalagem termoencolh\u00edvel para mercado em s\u00e3o paulo","embalagem termoencolh\u00edvel para mercado em sp","embalagem termoencolh\u00edvel para mercado na Imigrantes","embalagem termoencolh\u00edvel para mercado no ABC","embalagem termoencolh\u00edvel para mercado no Tabo\u00e3o","embalagem termoencolh\u00edvel para mercado perto de mim","embalagem termoencolh\u00edvel para mercado pre\u00e7o","embalagem termoencolh\u00edvel para mercado pr\u00f3ximo a mim","embalagem termoencolh\u00edvel para mercado zona sul","embalagem termoencolh\u00edvel para na Imigrantes","embalagem termoencolh\u00edvel para no ABC","embalagem termoencolh\u00edvel para no Tabo\u00e3o","embalagem termoencolh\u00edvel para perto de mim","embalagem termoencolh\u00edvel para pre\u00e7o","embalagem termoencolh\u00edvel para pr\u00f3ximo a mim","embalagem termoencolh\u00edvel para zona sul","embalagem termoencolh\u00edvel perto de mim","embalagem termoencolh\u00edvel pre\u00e7o","embalagem termoencolh\u00edvel pr\u00f3ximo a mim","embalagem termoencolh\u00edvel zona sul","embalagens termoencolh\u00edveis direto da fabrica","embalagens termoencolh\u00edveis em Diadema","embalagens termoencolh\u00edveis em promo\u00e7\u00e3o","embalagens termoencolh\u00edveis em S\u00e3o Bernardo do Campo","embalagens termoencolh\u00edveis em s\u00e3o paulo","embalagens termoencolh\u00edveis em sp","embalagens termoencolh\u00edveis na Imigrantes","embalagens termoencolh\u00edveis no ABC","embalagens termoencolh\u00edveis no Tabo\u00e3o","embalagens termoencolh\u00edveis perto de mim","embalagens termoencolh\u00edveis pre\u00e7o","embalagens termoencolh\u00edveis pr\u00f3ximo a mim","embalagens termoencolh\u00edveis zona sul","empresa de embalagem termoencolh\u00edvel","empresa de embalagem termoencolh\u00edvel para","empresa de embalagem termoencolh\u00edvel para a\u00e7ougue","empresa de embalagem termoencolh\u00edvel para carnes","empresa de embalagem termoencolh\u00edvel para comida","empresa de embalagem termoencolh\u00edvel para frios","empresa de embalagem termoencolh\u00edvel para horti-frutti","empresa de embalagem termoencolh\u00edvel para mercado","empresa de embalagens termoencolh\u00edveis","empresa de Solu\u00e7\u00f5es de embalagem termoencolh\u00edveis","empresa de termoencolh\u00edveis","f\u00e1brica de embalagem termoencolh\u00edvel","f\u00e1brica de embalagem termoencolh\u00edvel para","f\u00e1brica de embalagem termoencolh\u00edvel para a\u00e7ougue","f\u00e1brica de embalagem termoencolh\u00edvel para carnes","f\u00e1brica de embalagem termoencolh\u00edvel para comida","f\u00e1brica de embalagem termoencolh\u00edvel para frios","f\u00e1brica de embalagem termoencolh\u00edvel para horti-frutti","f\u00e1brica de embalagem termoencolh\u00edvel para mercado","f\u00e1brica de embalagens termoencolh\u00edveis","f\u00e1brica de Solu\u00e7\u00f5es de embalagem termoencolh\u00edveis","f\u00e1brica de termoencolh\u00edveis","fabricante de embalagem termoencolh\u00edvel","fabricante de embalagem termoencolh\u00edvel para","fabricante de embalagem termoencolh\u00edvel para a\u00e7ougue","fabricante de embalagem termoencolh\u00edvel para carnes","fabricante de embalagem termoencolh\u00edvel para comida","fabricante de embalagem termoencolh\u00edvel para frios","fabricante de embalagem termoencolh\u00edvel para horti-frutti","fabricante de embalagem termoencolh\u00edvel para mercado","fabricante de embalagens termoencolh\u00edveis","fabricante de Solu\u00e7\u00f5es de embalagem termoencolh\u00edveis","fabricante de termoencolh\u00edveis","fornecedor de embalagem termoencolh\u00edvel","fornecedor de embalagem termoencolh\u00edvel para","fornecedor de embalagem termoencolh\u00edvel para a\u00e7ougue","fornecedor de embalagem termoencolh\u00edvel para carnes","fornecedor de embalagem termoencolh\u00edvel para comida","fornecedor de embalagem termoencolh\u00edvel para frios","fornecedor de embalagem termoencolh\u00edvel para horti-frutti","fornecedor de embalagem termoencolh\u00edvel para mercado","fornecedor de embalagens termoencolh\u00edveis","fornecedor de Solu\u00e7\u00f5es de embalagem termoencolh\u00edveis","fornecedor de termoencolh\u00edveis","loja de embalagem termoencolh\u00edvel","loja de embalagem termoencolh\u00edvel para","loja de embalagem termoencolh\u00edvel para a\u00e7ougue","loja de embalagem termoencolh\u00edvel para carnes","loja de embalagem termoencolh\u00edvel para comida","loja de embalagem termoencolh\u00edvel para frios","loja de embalagem termoencolh\u00edvel para horti-frutti","loja de embalagem termoencolh\u00edvel para mercado","loja de embalagens termoencolh\u00edveis","loja de Solu\u00e7\u00f5es de embalagem termoencolh\u00edveis","loja de termoencolh\u00edveis","onde encontrar embalagem termoencolh\u00edvel","onde encontrar embalagem termoencolh\u00edvel para","onde encontrar embalagem termoencolh\u00edvel para a\u00e7ougue","onde encontrar embalagem termoencolh\u00edvel para carnes","onde encontrar embalagem termoencolh\u00edvel para comida","onde encontrar embalagem termoencolh\u00edvel para frios","onde encontrar embalagem termoencolh\u00edvel para horti-frutti","onde encontrar embalagens termoencolh\u00edveis","onde encontrar Solu\u00e7\u00f5es de embalagem termoencolh\u00edveis","onde encontrar termoencolh\u00edveis","revendedor de embalagem termoencolh\u00edvel","revendedor de embalagem termoencolh\u00edvel para","revendedor de embalagem termoencolh\u00edvel para a\u00e7ougue","revendedor de embalagem termoencolh\u00edvel para carnes","revendedor de embalagem termoencolh\u00edvel para comida","revendedor de embalagem termoencolh\u00edvel para frios","revendedor de embalagem termoencolh\u00edvel para horti-frutti","revendedor de embalagem termoencolh\u00edvel para mercado","revendedor de embalagens termoencolh\u00edveis","revendedor de Solu\u00e7\u00f5es de embalagem termoencolh\u00edveis","revendedor de termoencolh\u00edveis","Solu\u00e7\u00f5es de embalagem termoencolh\u00edveis direto da fabrica","Solu\u00e7\u00f5es de embalagem termoencolh\u00edveis em Diadema","Solu\u00e7\u00f5es de embalagem termoencolh\u00edveis em promo\u00e7\u00e3o","Solu\u00e7\u00f5es de embalagem termoencolh\u00edveis em S\u00e3o Bernardo do Campo","Solu\u00e7\u00f5es de embalagem termoencolh\u00edveis em s\u00e3o paulo","Solu\u00e7\u00f5es de embalagem termoencolh\u00edveis em sp","Solu\u00e7\u00f5es de embalagem termoencolh\u00edveis na Imigrantes","Solu\u00e7\u00f5es de embalagem termoencolh\u00edveis no ABC","Solu\u00e7\u00f5es de embalagem termoencolh\u00edveis no Tabo\u00e3o","Solu\u00e7\u00f5es de embalagem termoencolh\u00edveis perto de mim","Solu\u00e7\u00f5es de embalagem termoencolh\u00edveis pre\u00e7o","Solu\u00e7\u00f5es de embalagem termoencolh\u00edveis pr\u00f3ximo a mim","Solu\u00e7\u00f5es de embalagem termoencolh\u00edveis zona sul","termoencolh\u00edveis direto da fabrica","termoencolh\u00edveis em Diadema","termoencolh\u00edveis em promo\u00e7\u00e3o","termoencolh\u00edveis em S\u00e3o Bernardo do Campo","termoencolh\u00edveis em s\u00e3o paulo","termoencolh\u00edveis em sp","termoencolh\u00edveis na Imigrantes","termoencolh\u00edveis no ABC","termoencolh\u00edveis no Tabo\u00e3o","termoencolh\u00edveis perto de mim","termoencolh\u00edveis pre\u00e7o","termoencolh\u00edveis pr\u00f3ximo a mim","termoencolh\u00edveis zona sul"],"articleSection":["termoencolh\u00edveis"],"inLanguage":"pt-BR","potentialAction":[{"@type":"CommentAction","name":"Comment","target":["https:\/\/www.selopack.com.br\/blog\/termoencolhiveis\/como-escolher-os-melhores-termoencolhiveis-para-suas-necessidades\/#respond"]}]},{"@type":"WebPage","@id":"https:\/\/www.selopack.com.br\/blog\/termoencolhiveis\/como-escolher-os-melhores-termoencolhiveis-para-suas-necessidades\/","url":"https:\/\/www.selopack.com.br\/blog\/termoencolhiveis\/como-escolher-os-melhores-termoencolhiveis-para-suas-necessidades\/","name":"Como escolher os melhores termoencolh\u00edveis para suas necessidades - Selopack","isPartOf":{"@id":"https:\/\/www.selopack.com.br\/blog\/#website"},"primaryImageOfPage":{"@id":"https:\/\/www.selopack.com.br\/blog\/termoencolhiveis\/como-escolher-os-melhores-termoencolhiveis-para-suas-necessidades\/#primaryimage"},"image":{"@id":"https:\/\/www.selopack.com.br\/blog\/termoencolhiveis\/como-escolher-os-melhores-termoencolhiveis-para-suas-necessidades\/#primaryimage"},"thumbnailUrl":"https:\/\/www.selopack.com.br\/blog\/wp-content\/uploads\/2023\/11\/packaged-meal-kit-packaged-food-ingredients-1-scaled.jpg","datePublished":"2023-11-08T15:50:00+00:00","dateModified":"2023-11-10T11:34:44+00:00","description":"Descubra como escolher os melhores termoencolh\u00edveis para sua empresa e proteja seus produtos com embalagens de alta qualidade. Confira!","breadcrumb":{"@id":"https:\/\/www.selopack.com.br\/blog\/termoencolhiveis\/como-escolher-os-melhores-termoencolhiveis-para-suas-necessidades\/#breadcrumb"},"inLanguage":"pt-BR","potentialAction":[{"@type":"ReadAction","target":["https:\/\/www.selopack.com.br\/blog\/termoencolhiveis\/como-escolher-os-melhores-termoencolhiveis-para-suas-necessidades\/"]}]},{"@type":"ImageObject","inLanguage":"pt-BR","@id":"https:\/\/www.selopack.com.br\/blog\/termoencolhiveis\/como-escolher-os-melhores-termoencolhiveis-para-suas-necessidades\/#primaryimage","url":"https:\/\/www.selopack.com.br\/blog\/wp-content\/uploads\/2023\/11\/packaged-meal-kit-packaged-food-ingredients-1-scaled.jpg","contentUrl":"https:\/\/www.selopack.com.br\/blog\/wp-content\/uploads\/2023\/11\/packaged-meal-kit-packaged-food-ingredients-1-scaled.jpg","width":2560,"height":1920,"caption":"Como escolher os melhores termoencolh\u00edveis para suas necessidades"},{"@type":"BreadcrumbList","@id":"https:\/\/www.selopack.com.br\/blog\/termoencolhiveis\/como-escolher-os-melhores-termoencolhiveis-para-suas-necessidades\/#breadcrumb","itemListElement":[{"@type":"ListItem","position":1,"name":"In\u00edcio","item":"https:\/\/www.selopack.com.br\/blog\/"},{"@type":"ListItem","position":2,"name":"Como escolher os melhores termoencolh\u00edveis para suas necessidades"}]},{"@type":"WebSite","@id":"https:\/\/www.selopack.com.br\/blog\/#website","url":"https:\/\/www.selopack.com.br\/blog\/","name":"Selopack","description":"Selopack Blog","publisher":{"@id":"https:\/\/www.selopack.com.br\/blog\/#organization"},"potentialAction":[{"@type":"SearchAction","target":{"@type":"EntryPoint","urlTemplate":"https:\/\/www.selopack.com.br\/blog\/?s={search_term_string}"},"query-input":{"@type":"PropertyValueSpecification","valueRequired":true,"valueName":"search_term_string"}}],"inLanguage":"pt-BR"},{"@type":"Organization","@id":"https:\/\/www.selopack.com.br\/blog\/#organization","name":"Selopack","url":"https:\/\/www.selopack.com.br\/blog\/","logo":{"@type":"ImageObject","inLanguage":"pt-BR","@id":"https:\/\/www.selopack.com.br\/blog\/#\/schema\/logo\/image\/","url":"https:\/\/www.selopack.com.br\/blog\/wp-content\/uploads\/2023\/08\/logo.png","contentUrl":"https:\/\/www.selopack.com.br\/blog\/wp-content\/uploads\/2023\/08\/logo.png","width":200,"height":80,"caption":"Selopack"},"image":{"@id":"https:\/\/www.selopack.com.br\/blog\/#\/schema\/logo\/image\/"}},{"@type":"Person","@id":"https:\/\/www.selopack.com.br\/blog\/#\/schema\/person\/3be1f1a8813bdca19485331225197583","name":"admin","image":{"@type":"ImageObject","inLanguage":"pt-BR","@id":"https:\/\/www.selopack.com.br\/blog\/#\/schema\/person\/image\/","url":"https:\/\/secure.gravatar.com\/avatar\/3813f53848958b8842eeafda91666185a90010f65ed554379b78794cde6f234a?s=96&d=mm&r=g","contentUrl":"https:\/\/secure.gravatar.com\/avatar\/3813f53848958b8842eeafda91666185a90010f65ed554379b78794cde6f234a?s=96&d=mm&r=g","caption":"admin"},"sameAs":["https:\/\/www.selopack.com.br\/blog"],"url":"https:\/\/www.selopack.com.br\/blog\/author\/admin\/"}]}},"_links":{"self":[{"href":"https:\/\/www.selopack.com.br\/blog\/wp-json\/wp\/v2\/posts\/35","targetHints":{"allow":["GET"]}}],"collection":[{"href":"https:\/\/www.selopack.com.br\/blog\/wp-json\/wp\/v2\/posts"}],"about":[{"href":"https:\/\/www.selopack.com.br\/blog\/wp-json\/wp\/v2\/types\/post"}],"author":[{"embeddable":true,"href":"https:\/\/www.selopack.com.br\/blog\/wp-json\/wp\/v2\/users\/2"}],"replies":[{"embeddable":true,"href":"https:\/\/www.selopack.com.br\/blog\/wp-json\/wp\/v2\/comments?post=35"}],"version-history":[{"count":3,"href":"https:\/\/www.selopack.com.br\/blog\/wp-json\/wp\/v2\/posts\/35\/revisions"}],"predecessor-version":[{"id":40,"href":"https:\/\/www.selopack.com.br\/blog\/wp-json\/wp\/v2\/posts\/35\/revisions\/40"}],"wp:featuredmedia":[{"embeddable":true,"href":"https:\/\/www.selopack.com.br\/blog\/wp-json\/wp\/v2\/media\/37"}],"wp:attachment":[{"href":"https:\/\/www.selopack.com.br\/blog\/wp-json\/wp\/v2\/media?parent=35"}],"wp:term":[{"taxonomy":"category","embeddable":true,"href":"https:\/\/www.selopack.com.br\/blog\/wp-json\/wp\/v2\/categories?post=35"},{"taxonomy":"post_tag","embeddable":true,"href":"https:\/\/www.selopack.com.br\/blog\/wp-json\/wp\/v2\/tags?post=35"}],"curies":[{"name":"wp","href":"https:\/\/api.w.org\/{rel}","templated":true}]}}