{"id":21,"date":"2023-09-06T14:11:44","date_gmt":"2023-09-06T17:11:44","guid":{"rendered":"https:\/\/www.selopack.com.br\/blog\/?p=21"},"modified":"2023-09-06T14:24:13","modified_gmt":"2023-09-06T17:24:13","slug":"embalagens-laminadas-stand-up-pouch-e-onde-compra-las","status":"publish","type":"post","link":"https:\/\/www.selopack.com.br\/blog\/embalagens-stand-up-pouch\/embalagens-laminadas-stand-up-pouch-e-onde-compra-las\/","title":{"rendered":"Embalagens laminadas stand up pouch e onde compr\u00e1-las"},"content":{"rendered":"<span class=\"span-reading-time rt-reading-time\" style=\"display: block;\"><span class=\"rt-label rt-prefix\">Tempo de leitura:<\/span> <span class=\"rt-time\"> 3<\/span> <span class=\"rt-label rt-postfix\">minutos<\/span><\/span>\n<p>Atualmente, onde a conveni\u00eancia e a busca por solu\u00e7\u00f5es pr\u00e1ticas cresce a cada dia, as embalagens laminadas stand up pouch se destacam como uma op\u00e7\u00e3o extremamente vers\u00e1til.<\/p>\n\n\n\n<p>Neste artigo, a Selopack traz um pouco do universo das embalagens laminadas stand up pouch, suas vantagens e benef\u00edcios.<\/p>\n\n\n\n<div id=\"ez-toc-container\" class=\"ez-toc-v2_0_71 counter-hierarchy ez-toc-counter ez-toc-grey ez-toc-container-direction\">\n<div class=\"ez-toc-title-container\">\n<p class=\"ez-toc-title\" style=\"cursor:inherit\">Sum\u00e1rio<\/p>\n<span class=\"ez-toc-title-toggle\"><a href=\"#\" class=\"ez-toc-pull-right ez-toc-btn ez-toc-btn-xs ez-toc-btn-default ez-toc-toggle\" aria-label=\"Toggle Table of Content\"><span class=\"ez-toc-js-icon-con\"><span class=\"\"><span class=\"eztoc-hide\" style=\"display:none;\">Toggle<\/span><span class=\"ez-toc-icon-toggle-span\"><svg style=\"fill: #999;color:#999\" xmlns=\"http:\/\/www.w3.org\/2000\/svg\" class=\"list-377408\" width=\"20px\" height=\"20px\" viewBox=\"0 0 24 24\" fill=\"none\"><path d=\"M6 6H4v2h2V6zm14 0H8v2h12V6zM4 11h2v2H4v-2zm16 0H8v2h12v-2zM4 16h2v2H4v-2zm16 0H8v2h12v-2z\" fill=\"currentColor\"><\/path><\/svg><svg style=\"fill: #999;color:#999\" class=\"arrow-unsorted-368013\" xmlns=\"http:\/\/www.w3.org\/2000\/svg\" width=\"10px\" height=\"10px\" viewBox=\"0 0 24 24\" version=\"1.2\" baseProfile=\"tiny\"><path d=\"M18.2 9.3l-6.2-6.3-6.2 6.3c-.2.2-.3.4-.3.7s.1.5.3.7c.2.2.4.3.7.3h11c.3 0 .5-.1.7-.3.2-.2.3-.5.3-.7s-.1-.5-.3-.7zM5.8 14.7l6.2 6.3 6.2-6.3c.2-.2.3-.5.3-.7s-.1-.5-.3-.7c-.2-.2-.4-.3-.7-.3h-11c-.3 0-.5.1-.7.3-.2.2-.3.5-.3.7s.1.5.3.7z\"\/><\/svg><\/span><\/span><\/span><\/a><\/span><\/div>\n<nav><ul class='ez-toc-list ez-toc-list-level-1 ' ><li class='ez-toc-page-1 ez-toc-heading-level-2'><a class=\"ez-toc-link ez-toc-heading-1\" href=\"https:\/\/www.selopack.com.br\/blog\/embalagens-stand-up-pouch\/embalagens-laminadas-stand-up-pouch-e-onde-compra-las\/#O_que_sao_as_embalagens_laminadas_stand_up_pouch\" title=\"O que s\u00e3o as embalagens laminadas stand up pouch?\">O que s\u00e3o as embalagens laminadas stand up pouch?<\/a><\/li><li class='ez-toc-page-1 ez-toc-heading-level-2'><a class=\"ez-toc-link ez-toc-heading-2\" href=\"https:\/\/www.selopack.com.br\/blog\/embalagens-stand-up-pouch\/embalagens-laminadas-stand-up-pouch-e-onde-compra-las\/#Vantagens_das_embalagens_laminadas_stand_up_pouch\" title=\"Vantagens das embalagens laminadas stand up pouch\">Vantagens das embalagens laminadas stand up pouch<\/a><ul class='ez-toc-list-level-3' ><li class='ez-toc-heading-level-3'><a class=\"ez-toc-link ez-toc-heading-3\" href=\"https:\/\/www.selopack.com.br\/blog\/embalagens-stand-up-pouch\/embalagens-laminadas-stand-up-pouch-e-onde-compra-las\/#Sustentabilidade\" title=\"Sustentabilidade\">Sustentabilidade<\/a><\/li><li class='ez-toc-page-1 ez-toc-heading-level-3'><a class=\"ez-toc-link ez-toc-heading-4\" href=\"https:\/\/www.selopack.com.br\/blog\/embalagens-stand-up-pouch\/embalagens-laminadas-stand-up-pouch-e-onde-compra-las\/#Versatilidade\" title=\"Versatilidade\">Versatilidade<\/a><\/li><li class='ez-toc-page-1 ez-toc-heading-level-3'><a class=\"ez-toc-link ez-toc-heading-5\" href=\"https:\/\/www.selopack.com.br\/blog\/embalagens-stand-up-pouch\/embalagens-laminadas-stand-up-pouch-e-onde-compra-las\/#Protecao\" title=\"Prote\u00e7\u00e3o\">Prote\u00e7\u00e3o<\/a><\/li><\/ul><\/li><li class='ez-toc-page-1 ez-toc-heading-level-2'><a class=\"ez-toc-link ez-toc-heading-6\" href=\"https:\/\/www.selopack.com.br\/blog\/embalagens-stand-up-pouch\/embalagens-laminadas-stand-up-pouch-e-onde-compra-las\/#Selopack_excelencia_na_fabricacao_de_embalagens_personalizadas\" title=\"Selopack: excel\u00eancia na fabrica\u00e7\u00e3o de embalagens personalizadas\">Selopack: excel\u00eancia na fabrica\u00e7\u00e3o de embalagens personalizadas<\/a><ul class='ez-toc-list-level-3' ><li class='ez-toc-heading-level-3'><a class=\"ez-toc-link ez-toc-heading-7\" href=\"https:\/\/www.selopack.com.br\/blog\/embalagens-stand-up-pouch\/embalagens-laminadas-stand-up-pouch-e-onde-compra-las\/#Variedade_de_opcoes\" title=\"Variedade de op\u00e7\u00f5es\">Variedade de op\u00e7\u00f5es<\/a><\/li><li class='ez-toc-page-1 ez-toc-heading-level-3'><a class=\"ez-toc-link ez-toc-heading-8\" href=\"https:\/\/www.selopack.com.br\/blog\/embalagens-stand-up-pouch\/embalagens-laminadas-stand-up-pouch-e-onde-compra-las\/#Atendimento_personalizado\" title=\"Atendimento personalizado\">Atendimento personalizado<\/a><\/li><\/ul><\/li><\/ul><\/nav><\/div>\n<h2 class=\"wp-block-heading\"><span class=\"ez-toc-section\" id=\"O_que_sao_as_embalagens_laminadas_stand_up_pouch\"><\/span>O que s\u00e3o as embalagens laminadas stand up pouch?<span class=\"ez-toc-section-end\"><\/span><\/h2>\n\n\n\n<p>As embalagens stand up pouch s\u00e3o um tipo de embalagem que se destaca pela sua capacidade de se manter em p\u00e9 devido \u00e0 base refor\u00e7ada.\u00a0<\/p>\n\n\n\n<p>Dessa forma, as embalagens stand up pouch s\u00e3o compostas por v\u00e1rias camadas de materiais laminados, criando uma barreira eficaz contra a luz, umidade e oxig\u00eanio, preservando o produto embalado.<\/p>\n\n\n\n<h2 class=\"wp-block-heading\"><span class=\"ez-toc-section\" id=\"Vantagens_das_embalagens_laminadas_stand_up_pouch\"><\/span>Vantagens das embalagens laminadas stand up pouch<span class=\"ez-toc-section-end\"><\/span><\/h2>\n\n\n\n<h3 class=\"wp-block-heading\"><span class=\"ez-toc-section\" id=\"Sustentabilidade\"><\/span>Sustentabilidade<span class=\"ez-toc-section-end\"><\/span><\/h3>\n\n\n\n<p>Primeiramente, as embalagens laminadas stand up pouch s\u00e3o uma op\u00e7\u00e3o sustent\u00e1vel, pois s\u00e3o mais leves e exigem menos recursos para produ\u00e7\u00e3o em compara\u00e7\u00e3o com embalagens comuns.&nbsp;<\/p>\n\n\n<div class=\"wp-block-image\">\n<figure class=\"alignright size-full is-resized\"><img loading=\"lazy\" decoding=\"async\" src=\"https:\/\/www.selopack.com.br\/blog\/wp-content\/uploads\/2023\/09\/saco_embalagem_stand_up_pouch_21x28_5cm_laminado_metalizado_prata_fecho_ziplock_100unid_1149_2_e8b9b6c7558a73e82018fe247e232203.jpg\" alt=\"Embalagens laminadas stand up pouch e onde compr\u00e1-las\" class=\"wp-image-24\" style=\"width:261px;height:261px\" width=\"261\" height=\"261\" srcset=\"https:\/\/www.selopack.com.br\/blog\/wp-content\/uploads\/2023\/09\/saco_embalagem_stand_up_pouch_21x28_5cm_laminado_metalizado_prata_fecho_ziplock_100unid_1149_2_e8b9b6c7558a73e82018fe247e232203.jpg 900w, https:\/\/www.selopack.com.br\/blog\/wp-content\/uploads\/2023\/09\/saco_embalagem_stand_up_pouch_21x28_5cm_laminado_metalizado_prata_fecho_ziplock_100unid_1149_2_e8b9b6c7558a73e82018fe247e232203-300x300.jpg 300w, https:\/\/www.selopack.com.br\/blog\/wp-content\/uploads\/2023\/09\/saco_embalagem_stand_up_pouch_21x28_5cm_laminado_metalizado_prata_fecho_ziplock_100unid_1149_2_e8b9b6c7558a73e82018fe247e232203-150x150.jpg 150w, https:\/\/www.selopack.com.br\/blog\/wp-content\/uploads\/2023\/09\/saco_embalagem_stand_up_pouch_21x28_5cm_laminado_metalizado_prata_fecho_ziplock_100unid_1149_2_e8b9b6c7558a73e82018fe247e232203-768x768.jpg 768w\" sizes=\"auto, (max-width: 261px) 100vw, 261px\" \/><\/figure>\n<\/div>\n\n\n<p>Al\u00e9m disso, elas reduzem o desperd\u00edcio devido \u00e0 sua capacidade de manter os alimentos frescos por mais tempo, evitando o descarte precoce.<\/p>\n\n\n\n<h3 class=\"wp-block-heading\"><span class=\"ez-toc-section\" id=\"Versatilidade\"><\/span>Versatilidade<span class=\"ez-toc-section-end\"><\/span><\/h3>\n\n\n\n<p>Juntamente com isso, essas embalagens se adaptam a diversos produtos, desde alimentos como caf\u00e9 e snacks, at\u00e9 produtos de beleza e produtos qu\u00edmicos dom\u00e9sticos.&nbsp;<\/p>\n\n\n\n<p>Isso porque sua forma ergon\u00f4mica facilita o manuseio e a exposi\u00e7\u00e3o nas prateleiras, atraindo a aten\u00e7\u00e3o dos consumidores.<\/p>\n\n\n\n<h3 class=\"wp-block-heading\"><span class=\"ez-toc-section\" id=\"Protecao\"><\/span>Prote\u00e7\u00e3o<span class=\"ez-toc-section-end\"><\/span><\/h3>\n\n\n\n<p>Al\u00e9m disso, a barreira laminada das embalagens stand up pouch protege os produtos contra fatores externos, como luz ultravioleta e umidade, garantindo a qualidade e a durabilidade do conte\u00fado.<\/p>\n\n\n\n<h2 class=\"wp-block-heading\"><span class=\"ez-toc-section\" id=\"Selopack_excelencia_na_fabricacao_de_embalagens_personalizadas\"><\/span>Selopack: excel\u00eancia na fabrica\u00e7\u00e3o de embalagens personalizadas<span class=\"ez-toc-section-end\"><\/span><\/h2>\n\n\n\n<p>A Selopack \u00e9 uma empresa com mais de 10 anos de experi\u00eancia na fabrica\u00e7\u00e3o de embalagens stand up pouch.\u00a0<\/p>\n\n\n\n<p>Assim, nossa reputa\u00e7\u00e3o \u00e9 constru\u00edda sobre a base da qualidade refer\u00eancia de nossos produtos, com cada embalagem cuidadosamente produzida para atender aos mais altos padr\u00f5es de nossos clientes.<\/p>\n\n\n\n<h3 class=\"wp-block-heading\"><span class=\"ez-toc-section\" id=\"Variedade_de_opcoes\"><\/span>Variedade de op\u00e7\u00f5es<span class=\"ez-toc-section-end\"><\/span><\/h3>\n\n\n\n<p>Sobretudo, uma das vantagens de escolher a <a href=\"https:\/\/selopack.com.br\/\">Selopack<\/a> \u00e9 a variedade de op\u00e7\u00f5es dispon\u00edveis.&nbsp;<\/p>\n\n\n\n<p>Seja qual for o seu produto, a Selopack oferece embalagens em diversos tamanhos, estilos e designs personalizados. para atender \u00e0s suas necessidades espec\u00edficas.<\/p>\n\n\n\n<h3 class=\"wp-block-heading\"><span class=\"ez-toc-section\" id=\"Atendimento_personalizado\"><\/span>Atendimento personalizado<span class=\"ez-toc-section-end\"><\/span><\/h3>\n\n\n\n<p>A equipe da <a href=\"https:\/\/selopack.com.br\/\">Selopack<\/a> est\u00e1 sempre dispon\u00edvel para fornecer suporte e orienta\u00e7\u00e3o em cada etapa do processo de compra.&nbsp;<\/p>\n\n\n\n<p>Isso porque n\u00f3s entendemos a import\u00e2ncia das embalagens na preserva\u00e7\u00e3o e no sucesso de seus produtos e est\u00e3o comprometidos em garantir sua satisfa\u00e7\u00e3o.<\/p>\n\n\n\n<p>As embalagens stand up pouch s\u00e3o a escolha ideal para produtos que necessitam de prote\u00e7\u00e3o, conveni\u00eancia e apelo visual.\u00a0<\/p>\n\n\n\n<p>E quando se trata de encontrar a melhor op\u00e7\u00e3o no mercado, a <a href=\"https:\/\/selopack.com.br\/\">Selopack<\/a> \u00e9 a escolha ideal!<\/p>\n\n\n\n<ul class=\"wp-block-list\">\n<li><a href=\"https:\/\/www.selopack.com.br\/blog\/sem-categoria\/conheca-tudo-sobre-as-embalagens-em-polietileno-para-alimentos\/\">Conhe\u00e7a tudo sobre as embalagens em polietileno para alimentos<\/a><\/li>\n<\/ul>\n\n\n\n<p><a href=\"https:\/\/selopack.com.br\/contato\/\">Solicite o seu or\u00e7amento<\/a> com um de nossos consultores!<\/p>\n","protected":false},"excerpt":{"rendered":"<p><span class=\"span-reading-time rt-reading-time\" style=\"display: block;\"><span class=\"rt-label rt-prefix\">Tempo de leitura:<\/span> <span class=\"rt-time\"> 3<\/span> <span class=\"rt-label rt-postfix\">minutos<\/span><\/span>Atualmente, onde a conveni\u00eancia e a busca por solu\u00e7\u00f5es pr\u00e1ticas cresce a cada dia, as embalagens laminadas stand up pouch se destacam como uma op\u00e7\u00e3o extremamente vers\u00e1til. Neste artigo, a Selopack traz um pouco do universo das embalagens laminadas stand up pouch, suas vantagens e &hellip; <\/p>\n","protected":false},"author":2,"featured_media":22,"comment_status":"open","ping_status":"closed","sticky":false,"template":"","format":"standard","meta":{"footnotes":""},"categories":[147],"tags":[165,159,167,164,158,161,166,162,163,160,215,209,217,214,208,211,216,212,213,210,225,219,227,224,218,221,226,222,223,220,315,375,305,285,275,295,265,355,365,385,335,255,345,309,317,377,307,287,277,297,267,357,367,387,337,257,347,369,299,279,269,289,259,349,359,379,329,249,339,314,374,304,284,274,294,264,354,364,384,334,254,344,308,368,298,278,268,288,258,348,358,378,328,248,338,311,371,301,281,271,291,261,351,361,381,331,251,341,175,169,177,174,168,171,176,172,173,170,185,179,187,184,178,181,186,182,183,180,195,189,197,194,188,191,196,192,193,190,205,199,207,204,198,201,206,202,203,200,245,239,247,244,238,241,246,242,243,240,155,150,157,154,149,152,156,153,151,235,229,237,234,228,231,236,232,233,230,316,376,306,286,276,296,266,356,366,386,336,256,346,312,372,302,282,272,292,262,352,362,382,332,252,342,313,373,303,283,273,293,263,353,363,383,333,253,343,325,319,327,324,318,321,326,322,323,320,310,370,300,280,270,290,260,350,360,380,330,250,340],"class_list":["post-21","post","type-post","status-publish","format-standard","has-post-thumbnail","hentry","category-embalagens-stand-up-pouch","tag-comprar-embalagens-de-alimentos","tag-comprar-embalagens-laminadas","tag-comprar-embalagens-laminadas-ecologicas","tag-comprar-embalagens-laminadas-resselaveis","tag-comprar-embalagens-laminadas-stand-up-pouch","tag-comprar-embalagens-ziplock","tag-comprar-sacos-com-ziper-stand-up","tag-comprar-sacos-laminados-impressos","tag-comprar-sacos-personalizados-stand-up","tag-comprar-solucoes-de-embalagem-flexivel","tag-distribuidor-de-embalagens-de-alimentos","tag-distribuidor-de-embalagens-laminadas","tag-distribuidor-de-embalagens-laminadas-ecologicas","tag-distribuidor-de-embalagens-laminadas-resselaveis","tag-distribuidor-de-embalagens-laminadas-stand-up-pouch","tag-distribuidor-de-embalagens-ziplock","tag-distribuidor-de-sacos-com-ziper-stand-up","tag-distribuidor-de-sacos-laminados-impressos","tag-distribuidor-de-sacos-personalizados-stand-up","tag-distribuidor-de-solucoes-de-embalagem-flexivel","tag-distribuidora-de-embalagens-de-alimentos","tag-distribuidora-de-embalagens-laminadas","tag-distribuidora-de-embalagens-laminadas-ecologicas","tag-distribuidora-de-embalagens-laminadas-resselaveis","tag-distribuidora-de-embalagens-laminadas-stand-up-pouch","tag-distribuidora-de-embalagens-ziplock","tag-distribuidora-de-sacos-com-ziper-stand-up","tag-distribuidora-de-sacos-laminados-impressos","tag-distribuidora-de-sacos-personalizados-stand-up","tag-distribuidora-de-solucoes-de-embalagem-flexivel","tag-embalagens-de-alimentos-direto-da-fabrica","tag-embalagens-de-alimentos-em-diadema","tag-embalagens-de-alimentos-em-promocao","tag-embalagens-de-alimentos-em-sao-bernardo-do-campo","tag-embalagens-de-alimentos-em-sao-paulo","tag-embalagens-de-alimentos-em-sbc","tag-embalagens-de-alimentos-em-sp","tag-embalagens-de-alimentos-na-zona-sul","tag-embalagens-de-alimentos-no-abc","tag-embalagens-de-alimentos-no-taboao","tag-embalagens-de-alimentos-perto-de-mim","tag-embalagens-de-alimentos-preco","tag-embalagens-de-alimentos-proximo-a-mim","tag-embalagens-laminadas-direto-da-fabrica","tag-embalagens-laminadas-ecologicas-direto-da-fabrica","tag-embalagens-laminadas-ecologicas-em-diadema","tag-embalagens-laminadas-ecologicas-em-promocao","tag-embalagens-laminadas-ecologicas-em-sao-bernardo-do-campo","tag-embalagens-laminadas-ecologicas-em-sao-paulo","tag-embalagens-laminadas-ecologicas-em-sbc","tag-embalagens-laminadas-ecologicas-em-sp","tag-embalagens-laminadas-ecologicas-na-zona-sul","tag-embalagens-laminadas-ecologicas-no-abc","tag-embalagens-laminadas-ecologicas-no-taboao","tag-embalagens-laminadas-ecologicas-perto-de-mim","tag-embalagens-laminadas-ecologicas-preco","tag-embalagens-laminadas-ecologicas-proximo-a-mim","tag-embalagens-laminadas-em-diadema","tag-embalagens-laminadas-em-promocao","tag-embalagens-laminadas-em-sao-bernardo-do-campo","tag-embalagens-laminadas-em-sao-paulo","tag-embalagens-laminadas-em-sbc","tag-embalagens-laminadas-em-sp","tag-embalagens-laminadas-na-zona-sul","tag-embalagens-laminadas-no-abc","tag-embalagens-laminadas-no-taboao","tag-embalagens-laminadas-perto-de-mim","tag-embalagens-laminadas-preco","tag-embalagens-laminadas-proximo-a-mim","tag-embalagens-laminadas-resselaveis-direto-da-fabrica","tag-embalagens-laminadas-resselaveis-em-diadema","tag-embalagens-laminadas-resselaveis-em-promocao","tag-embalagens-laminadas-resselaveis-em-sao-bernardo-do-campo","tag-embalagens-laminadas-resselaveis-em-sao-paulo","tag-embalagens-laminadas-resselaveis-em-sbc","tag-embalagens-laminadas-resselaveis-em-sp","tag-embalagens-laminadas-resselaveis-na-zona-sul","tag-embalagens-laminadas-resselaveis-no-abc","tag-embalagens-laminadas-resselaveis-no-taboao","tag-embalagens-laminadas-resselaveis-perto-de-mim","tag-embalagens-laminadas-resselaveis-preco","tag-embalagens-laminadas-resselaveis-proximo-a-mim","tag-embalagens-laminadas-stand-up-pouch-direto-da-fabrica","tag-embalagens-laminadas-stand-up-pouch-em-diadema","tag-embalagens-laminadas-stand-up-pouch-em-promocao","tag-embalagens-laminadas-stand-up-pouch-em-sao-bernardo-do-campo","tag-embalagens-laminadas-stand-up-pouch-em-sao-paulo","tag-embalagens-laminadas-stand-up-pouch-em-sbc","tag-embalagens-laminadas-stand-up-pouch-em-sp","tag-embalagens-laminadas-stand-up-pouch-na-zona-sul","tag-embalagens-laminadas-stand-up-pouch-no-abc","tag-embalagens-laminadas-stand-up-pouch-no-taboao","tag-embalagens-laminadas-stand-up-pouch-perto-de-mim","tag-embalagens-laminadas-stand-up-pouch-preco","tag-embalagens-laminadas-stand-up-pouch-proximo-a-mim","tag-embalagens-ziplock-direto-da-fabrica","tag-embalagens-ziplock-em-diadema","tag-embalagens-ziplock-em-promocao","tag-embalagens-ziplock-em-sao-bernardo-do-campo","tag-embalagens-ziplock-em-sao-paulo","tag-embalagens-ziplock-em-sbc","tag-embalagens-ziplock-em-sp","tag-embalagens-ziplock-na-zona-sul","tag-embalagens-ziplock-no-abc","tag-embalagens-ziplock-no-taboao","tag-embalagens-ziplock-perto-de-mim","tag-embalagens-ziplock-preco","tag-embalagens-ziplock-proximo-a-mim","tag-empresa-de-embalagens-de-alimentos","tag-empresa-de-embalagens-laminadas","tag-empresa-de-embalagens-laminadas-ecologicas","tag-empresa-de-embalagens-laminadas-resselaveis","tag-empresa-de-embalagens-laminadas-stand-up-pouch","tag-empresa-de-embalagens-ziplock","tag-empresa-de-sacos-com-ziper-stand-up","tag-empresa-de-sacos-laminados-impressos","tag-empresa-de-sacos-personalizados-stand-up","tag-empresa-de-solucoes-de-embalagem-flexivel","tag-fabrica-de-embalagens-de-alimentos","tag-fabrica-de-embalagens-laminadas","tag-fabrica-de-embalagens-laminadas-ecologicas","tag-fabrica-de-embalagens-laminadas-resselaveis","tag-fabrica-de-embalagens-laminadas-stand-up-pouch","tag-fabrica-de-embalagens-ziplock","tag-fabrica-de-sacos-com-ziper-stand-up","tag-fabrica-de-sacos-laminados-impressos","tag-fabrica-de-sacos-personalizados-stand-up","tag-fabrica-de-solucoes-de-embalagem-flexivel","tag-fabricante-de-embalagens-de-alimentos","tag-fabricante-de-embalagens-laminadas","tag-fabricante-de-embalagens-laminadas-ecologicas","tag-fabricante-de-embalagens-laminadas-resselaveis","tag-fabricante-de-embalagens-laminadas-stand-up-pouch","tag-fabricante-de-embalagens-ziplock","tag-fabricante-de-sacos-com-ziper-stand-up","tag-fabricante-de-sacos-laminados-impressos","tag-fabricante-de-sacos-personalizados-stand-up","tag-fabricante-de-solucoes-de-embalagem-flexivel","tag-fornecedor-de-embalagens-de-alimentos","tag-fornecedor-de-embalagens-laminadas","tag-fornecedor-de-embalagens-laminadas-ecologicas","tag-fornecedor-de-embalagens-laminadas-resselaveis","tag-fornecedor-de-embalagens-laminadas-stand-up-pouch","tag-fornecedor-de-embalagens-ziplock","tag-fornecedor-de-sacos-com-ziper-stand-up","tag-fornecedor-de-sacos-laminados-impressos","tag-fornecedor-de-sacos-personalizados-stand-up","tag-fornecedor-de-solucoes-de-embalagem-flexivel","tag-loja-de-embalagens-de-alimentos","tag-loja-de-embalagens-laminadas","tag-loja-de-embalagens-laminadas-ecologicas","tag-loja-de-embalagens-laminadas-resselaveis","tag-loja-de-embalagens-laminadas-stand-up-pouch","tag-loja-de-embalagens-ziplock","tag-loja-de-sacos-com-ziper-stand-up","tag-loja-de-sacos-laminados-impressos","tag-loja-de-sacos-personalizados-stand-up","tag-loja-de-solucoes-de-embalagem-flexivel","tag-onde-encontrar-embalagens-de-alimentos","tag-onde-encontrar-embalagens-laminadas","tag-onde-encontrar-embalagens-laminadas-ecologicas","tag-onde-encontrar-embalagens-laminadas-resselaveis","tag-onde-encontrar-embalagens-laminadas-stand-up-pouch","tag-onde-encontrar-embalagens-ziplock","tag-onde-encontrar-sacos-com-ziper-stand-up","tag-onde-encontrar-sacos-laminados-impressos","tag-onde-encontrar-solucoes-de-embalagem-flexivel","tag-revendedor-de-embalagens-de-alimentos","tag-revendedor-de-embalagens-laminadas","tag-revendedor-de-embalagens-laminadas-ecologicas","tag-revendedor-de-embalagens-laminadas-resselaveis","tag-revendedor-de-embalagens-laminadas-stand-up-pouch","tag-revendedor-de-embalagens-ziplock","tag-revendedor-de-sacos-com-ziper-stand-up","tag-revendedor-de-sacos-laminados-impressos","tag-revendedor-de-sacos-personalizados-stand-up","tag-revendedor-de-solucoes-de-embalagem-flexivel","tag-sacos-com-ziper-stand-up-direto-da-fabrica","tag-sacos-com-ziper-stand-up-em-diadema","tag-sacos-com-ziper-stand-up-em-promocao","tag-sacos-com-ziper-stand-up-em-sao-bernardo-do-campo","tag-sacos-com-ziper-stand-up-em-sao-paulo","tag-sacos-com-ziper-stand-up-em-sbc","tag-sacos-com-ziper-stand-up-em-sp","tag-sacos-com-ziper-stand-up-na-zona-sul","tag-sacos-com-ziper-stand-up-no-abc","tag-sacos-com-ziper-stand-up-no-taboao","tag-sacos-com-ziper-stand-up-perto-de-mim","tag-sacos-com-ziper-stand-up-preco","tag-sacos-com-ziper-stand-up-proximo-a-mim","tag-sacos-laminados-impressos-direto-da-fabrica","tag-sacos-laminados-impressos-em-diadema","tag-sacos-laminados-impressos-em-promocao","tag-sacos-laminados-impressos-em-sao-bernardo-do-campo","tag-sacos-laminados-impressos-em-sao-paulo","tag-sacos-laminados-impressos-em-sbc","tag-sacos-laminados-impressos-em-sp","tag-sacos-laminados-impressos-na-zona-sul","tag-sacos-laminados-impressos-no-abc","tag-sacos-laminados-impressos-no-taboao","tag-sacos-laminados-impressos-perto-de-mim","tag-sacos-laminados-impressos-preco","tag-sacos-laminados-impressos-proximo-a-mim","tag-sacos-personalizados-stand-up-direto-da-fabrica","tag-sacos-personalizados-stand-up-em-diadema","tag-sacos-personalizados-stand-up-em-promocao","tag-sacos-personalizados-stand-up-em-sao-bernardo-do-campo","tag-sacos-personalizados-stand-up-em-sao-paulo","tag-sacos-personalizados-stand-up-em-sbc","tag-sacos-personalizados-stand-up-em-sp","tag-sacos-personalizados-stand-up-na-zona-sul","tag-sacos-personalizados-stand-up-no-abc","tag-sacos-personalizados-stand-up-no-taboao","tag-sacos-personalizados-stand-up-perto-de-mim","tag-sacos-personalizados-stand-up-preco","tag-sacos-personalizados-stand-up-proximo-a-mim","tag-servico-de-embalagens-de-alimentos","tag-servico-de-embalagens-laminadas","tag-servico-de-embalagens-laminadas-ecologicas","tag-servico-de-embalagens-laminadas-resselaveis","tag-servico-de-embalagens-laminadas-stand-up-pouch","tag-servico-de-embalagens-ziplock","tag-servico-de-sacos-com-ziper-stand-up","tag-servico-de-sacos-laminados-impressos","tag-servico-de-sacos-personalizados-stand-up","tag-servico-de-solucoes-de-embalagem-flexivel","tag-solucoes-de-embalagem-flexivel-direto-da-fabrica","tag-solucoes-de-embalagem-flexivel-em-diadema","tag-solucoes-de-embalagem-flexivel-em-promocao","tag-solucoes-de-embalagem-flexivel-em-sao-bernardo-do-campo","tag-solucoes-de-embalagem-flexivel-em-sao-paulo","tag-solucoes-de-embalagem-flexivel-em-sbc","tag-solucoes-de-embalagem-flexivel-em-sp","tag-solucoes-de-embalagem-flexivel-na-zona-sul","tag-solucoes-de-embalagem-flexivel-no-abc","tag-solucoes-de-embalagem-flexivel-no-taboao","tag-solucoes-de-embalagem-flexivel-perto-de-mim","tag-solucoes-de-embalagem-flexivel-preco","tag-solucoes-de-embalagem-flexivel-proximo-a-mim"],"yoast_head":"<!-- This site is optimized with the Yoast SEO plugin v24.2 - https:\/\/yoast.com\/wordpress\/plugins\/seo\/ -->\n<title>Embalagens laminadas stand up pouch e onde compr\u00e1-las - Selopack<\/title>\n<meta name=\"description\" content=\"Neste artigo, a Selopack traz um pouco do universo das embalagens laminadas stand up pouch, suas vantagens e benef\u00edcios. Confira!\" \/>\n<meta name=\"robots\" content=\"noindex, follow, max-snippet:-1, max-image-preview:large, max-video-preview:-1\" \/>\n<meta property=\"og:locale\" content=\"pt_BR\" \/>\n<meta property=\"og:type\" content=\"article\" \/>\n<meta property=\"og:title\" content=\"Embalagens laminadas stand up pouch e onde compr\u00e1-las - Selopack\" \/>\n<meta property=\"og:description\" content=\"Neste artigo, a Selopack traz um pouco do universo das embalagens laminadas stand up pouch, suas vantagens e benef\u00edcios. Confira!\" \/>\n<meta property=\"og:url\" content=\"https:\/\/www.selopack.com.br\/blog\/embalagens-stand-up-pouch\/embalagens-laminadas-stand-up-pouch-e-onde-compra-las\/\" \/>\n<meta property=\"og:site_name\" content=\"Selopack\" \/>\n<meta property=\"article:published_time\" content=\"2023-09-06T17:11:44+00:00\" \/>\n<meta property=\"article:modified_time\" content=\"2023-09-06T17:24:13+00:00\" \/>\n<meta property=\"og:image\" content=\"https:\/\/www.selopack.com.br\/blog\/wp-content\/uploads\/2023\/09\/stand-up-pounche.jpg\" \/>\n\t<meta property=\"og:image:width\" content=\"1000\" \/>\n\t<meta property=\"og:image:height\" content=\"1000\" \/>\n\t<meta property=\"og:image:type\" content=\"image\/jpeg\" \/>\n<meta name=\"author\" content=\"admin\" \/>\n<meta name=\"twitter:card\" content=\"summary_large_image\" \/>\n<meta name=\"twitter:label1\" content=\"Escrito por\" \/>\n\t<meta name=\"twitter:data1\" content=\"admin\" \/>\n\t<meta name=\"twitter:label2\" content=\"Est. tempo de leitura\" \/>\n\t<meta name=\"twitter:data2\" content=\"3 minutos\" \/>\n<script type=\"application\/ld+json\" class=\"yoast-schema-graph\">{\"@context\":\"https:\/\/schema.org\",\"@graph\":[{\"@type\":\"Article\",\"@id\":\"https:\/\/www.selopack.com.br\/blog\/embalagens-stand-up-pouch\/embalagens-laminadas-stand-up-pouch-e-onde-compra-las\/#article\",\"isPartOf\":{\"@id\":\"https:\/\/www.selopack.com.br\/blog\/embalagens-stand-up-pouch\/embalagens-laminadas-stand-up-pouch-e-onde-compra-las\/\"},\"author\":{\"name\":\"admin\",\"@id\":\"https:\/\/www.selopack.com.br\/blog\/#\/schema\/person\/3be1f1a8813bdca19485331225197583\"},\"headline\":\"Embalagens laminadas stand up pouch e onde compr\u00e1-las\",\"datePublished\":\"2023-09-06T17:11:44+00:00\",\"dateModified\":\"2023-09-06T17:24:13+00:00\",\"mainEntityOfPage\":{\"@id\":\"https:\/\/www.selopack.com.br\/blog\/embalagens-stand-up-pouch\/embalagens-laminadas-stand-up-pouch-e-onde-compra-las\/\"},\"wordCount\":489,\"commentCount\":0,\"publisher\":{\"@id\":\"https:\/\/www.selopack.com.br\/blog\/#organization\"},\"image\":{\"@id\":\"https:\/\/www.selopack.com.br\/blog\/embalagens-stand-up-pouch\/embalagens-laminadas-stand-up-pouch-e-onde-compra-las\/#primaryimage\"},\"thumbnailUrl\":\"https:\/\/www.selopack.com.br\/blog\/wp-content\/uploads\/2023\/09\/stand-up-pounche.jpg\",\"keywords\":[\"comprar Embalagens de alimentos\",\"comprar Embalagens laminadas\",\"comprar Embalagens laminadas ecol\u00f3gicas\",\"comprar Embalagens laminadas ressel\u00e1veis\",\"comprar Embalagens Laminadas Stand Up Pouch\",\"comprar Embalagens ziplock\",\"comprar Sacos com z\u00edper stand-up\",\"comprar Sacos laminados impressos\",\"comprar Sacos personalizados stand up\",\"comprar Solu\u00e7\u00f5es de embalagem flex\u00edvel\",\"distribuidor de Embalagens de alimentos\",\"distribuidor de Embalagens laminadas\",\"distribuidor de Embalagens laminadas ecol\u00f3gicas\",\"distribuidor de Embalagens laminadas ressel\u00e1veis\",\"distribuidor de Embalagens Laminadas Stand Up Pouch\",\"distribuidor de Embalagens ziplock\",\"distribuidor de Sacos com z\u00edper stand-up\",\"distribuidor de Sacos laminados impressos\",\"distribuidor de Sacos personalizados stand up\",\"distribuidor de Solu\u00e7\u00f5es de embalagem flex\u00edvel\",\"distribuidora de Embalagens de alimentos\",\"distribuidora de Embalagens laminadas\",\"distribuidora de Embalagens laminadas ecol\u00f3gicas\",\"distribuidora de Embalagens laminadas ressel\u00e1veis\",\"distribuidora de Embalagens Laminadas Stand Up Pouch\",\"distribuidora de Embalagens ziplock\",\"distribuidora de Sacos com z\u00edper stand-up\",\"distribuidora de Sacos laminados impressos\",\"distribuidora de Sacos personalizados stand up\",\"distribuidora de Solu\u00e7\u00f5es de embalagem flex\u00edvel\",\"Embalagens de alimentos direto da fabrica\",\"Embalagens de alimentos em Diadema\",\"Embalagens de alimentos em promo\u00e7\u00e3o\",\"Embalagens de alimentos em S\u00e3o Bernardo do Campo\",\"Embalagens de alimentos em s\u00e3o paulo\",\"Embalagens de alimentos em SBC\",\"Embalagens de alimentos em sp\",\"Embalagens de alimentos na Zona Sul\",\"Embalagens de alimentos no ABC\",\"Embalagens de alimentos no Tabo\u00e3o\",\"Embalagens de alimentos perto de mim\",\"Embalagens de alimentos pre\u00e7o\",\"Embalagens de alimentos pr\u00f3ximo a mim\",\"Embalagens laminadas direto da fabrica\",\"Embalagens laminadas ecol\u00f3gicas direto da fabrica\",\"Embalagens laminadas ecol\u00f3gicas em Diadema\",\"Embalagens laminadas ecol\u00f3gicas em promo\u00e7\u00e3o\",\"Embalagens laminadas ecol\u00f3gicas em S\u00e3o Bernardo do Campo\",\"Embalagens laminadas ecol\u00f3gicas em s\u00e3o paulo\",\"Embalagens laminadas ecol\u00f3gicas em SBC\",\"Embalagens laminadas ecol\u00f3gicas em sp\",\"Embalagens laminadas ecol\u00f3gicas na Zona Sul\",\"Embalagens laminadas ecol\u00f3gicas no ABC\",\"Embalagens laminadas ecol\u00f3gicas no Tabo\u00e3o\",\"Embalagens laminadas ecol\u00f3gicas perto de mim\",\"Embalagens laminadas ecol\u00f3gicas pre\u00e7o\",\"Embalagens laminadas ecol\u00f3gicas pr\u00f3ximo a mim\",\"Embalagens laminadas em Diadema\",\"Embalagens laminadas em promo\u00e7\u00e3o\",\"Embalagens laminadas em S\u00e3o Bernardo do Campo\",\"Embalagens laminadas em s\u00e3o paulo\",\"Embalagens laminadas em SBC\",\"Embalagens laminadas em sp\",\"Embalagens laminadas na Zona Sul\",\"Embalagens laminadas no ABC\",\"Embalagens laminadas no Tabo\u00e3o\",\"Embalagens laminadas perto de mim\",\"Embalagens laminadas pre\u00e7o\",\"Embalagens laminadas pr\u00f3ximo a mim\",\"Embalagens laminadas ressel\u00e1veis direto da fabrica\",\"Embalagens laminadas ressel\u00e1veis em Diadema\",\"Embalagens laminadas ressel\u00e1veis em promo\u00e7\u00e3o\",\"Embalagens laminadas ressel\u00e1veis em S\u00e3o Bernardo do Campo\",\"Embalagens laminadas ressel\u00e1veis em s\u00e3o paulo\",\"Embalagens laminadas ressel\u00e1veis em SBC\",\"Embalagens laminadas ressel\u00e1veis em sp\",\"Embalagens laminadas ressel\u00e1veis na Zona Sul\",\"Embalagens laminadas ressel\u00e1veis no ABC\",\"Embalagens laminadas ressel\u00e1veis no Tabo\u00e3o\",\"Embalagens laminadas ressel\u00e1veis perto de mim\",\"Embalagens laminadas ressel\u00e1veis pre\u00e7o\",\"Embalagens laminadas ressel\u00e1veis pr\u00f3ximo a mim\",\"Embalagens Laminadas Stand Up Pouch direto da fabrica\",\"Embalagens Laminadas Stand Up Pouch em Diadema\",\"Embalagens Laminadas Stand Up Pouch em promo\u00e7\u00e3o\",\"Embalagens Laminadas Stand Up Pouch em S\u00e3o Bernardo do Campo\",\"Embalagens Laminadas Stand Up Pouch em s\u00e3o paulo\",\"Embalagens Laminadas Stand Up Pouch em SBC\",\"Embalagens Laminadas Stand Up Pouch em sp\",\"Embalagens Laminadas Stand Up Pouch na Zona Sul\",\"Embalagens Laminadas Stand Up Pouch no ABC\",\"Embalagens Laminadas Stand Up Pouch no Tabo\u00e3o\",\"Embalagens Laminadas Stand Up Pouch perto de mim\",\"Embalagens Laminadas Stand Up Pouch pre\u00e7o\",\"Embalagens Laminadas Stand Up Pouch pr\u00f3ximo a mim\",\"Embalagens ziplock direto da fabrica\",\"Embalagens ziplock em Diadema\",\"Embalagens ziplock em promo\u00e7\u00e3o\",\"Embalagens ziplock em S\u00e3o Bernardo do Campo\",\"Embalagens ziplock em s\u00e3o paulo\",\"Embalagens ziplock em SBC\",\"Embalagens ziplock em sp\",\"Embalagens ziplock na Zona Sul\",\"Embalagens ziplock no ABC\",\"Embalagens ziplock no Tabo\u00e3o\",\"Embalagens ziplock perto de mim\",\"Embalagens ziplock pre\u00e7o\",\"Embalagens ziplock pr\u00f3ximo a mim\",\"empresa de Embalagens de alimentos\",\"empresa de Embalagens laminadas\",\"empresa de Embalagens laminadas ecol\u00f3gicas\",\"empresa de Embalagens laminadas ressel\u00e1veis\",\"empresa de Embalagens Laminadas Stand Up Pouch\",\"empresa de Embalagens ziplock\",\"empresa de Sacos com z\u00edper stand-up\",\"empresa de Sacos laminados impressos\",\"empresa de Sacos personalizados stand up\",\"empresa de Solu\u00e7\u00f5es de embalagem flex\u00edvel\",\"f\u00e1brica de Embalagens de alimentos\",\"f\u00e1brica de Embalagens laminadas\",\"f\u00e1brica de Embalagens laminadas ecol\u00f3gicas\",\"f\u00e1brica de Embalagens laminadas ressel\u00e1veis\",\"f\u00e1brica de Embalagens Laminadas Stand Up Pouch\",\"f\u00e1brica de Embalagens ziplock\",\"f\u00e1brica de Sacos com z\u00edper stand-up\",\"f\u00e1brica de Sacos laminados impressos\",\"f\u00e1brica de Sacos personalizados stand up\",\"f\u00e1brica de Solu\u00e7\u00f5es de embalagem flex\u00edvel\",\"fabricante de Embalagens de alimentos\",\"fabricante de Embalagens laminadas\",\"fabricante de Embalagens laminadas ecol\u00f3gicas\",\"fabricante de Embalagens laminadas ressel\u00e1veis\",\"fabricante de Embalagens Laminadas Stand Up Pouch\",\"fabricante de Embalagens ziplock\",\"fabricante de Sacos com z\u00edper stand-up\",\"fabricante de Sacos laminados impressos\",\"fabricante de Sacos personalizados stand up\",\"fabricante de Solu\u00e7\u00f5es de embalagem flex\u00edvel\",\"fornecedor de Embalagens de alimentos\",\"fornecedor de Embalagens laminadas\",\"fornecedor de Embalagens laminadas ecol\u00f3gicas\",\"fornecedor de Embalagens laminadas ressel\u00e1veis\",\"fornecedor de Embalagens Laminadas Stand Up Pouch\",\"fornecedor de Embalagens ziplock\",\"fornecedor de Sacos com z\u00edper stand-up\",\"fornecedor de Sacos laminados impressos\",\"fornecedor de Sacos personalizados stand up\",\"fornecedor de Solu\u00e7\u00f5es de embalagem flex\u00edvel\",\"loja de Embalagens de alimentos\",\"loja de Embalagens laminadas\",\"loja de Embalagens laminadas ecol\u00f3gicas\",\"loja de Embalagens laminadas ressel\u00e1veis\",\"loja de Embalagens Laminadas Stand Up Pouch\",\"loja de Embalagens ziplock\",\"loja de Sacos com z\u00edper stand-up\",\"loja de Sacos laminados impressos\",\"loja de Sacos personalizados stand up\",\"loja de Solu\u00e7\u00f5es de embalagem flex\u00edvel\",\"onde encontrar Embalagens de alimentos\",\"onde encontrar Embalagens laminadas\",\"onde encontrar Embalagens laminadas ecol\u00f3gicas\",\"onde encontrar Embalagens laminadas ressel\u00e1veis\",\"onde encontrar Embalagens Laminadas Stand Up Pouch\",\"onde encontrar Embalagens ziplock\",\"onde encontrar Sacos com z\u00edper stand-up\",\"onde encontrar Sacos laminados impressos\",\"onde encontrar Solu\u00e7\u00f5es de embalagem flex\u00edvel\",\"revendedor de Embalagens de alimentos\",\"revendedor de Embalagens laminadas\",\"revendedor de Embalagens laminadas ecol\u00f3gicas\",\"revendedor de Embalagens laminadas ressel\u00e1veis\",\"revendedor de Embalagens Laminadas Stand Up Pouch\",\"revendedor de Embalagens ziplock\",\"revendedor de Sacos com z\u00edper stand-up\",\"revendedor de Sacos laminados impressos\",\"revendedor de Sacos personalizados stand up\",\"revendedor de Solu\u00e7\u00f5es de embalagem flex\u00edvel\",\"Sacos com z\u00edper stand-up direto da fabrica\",\"Sacos com z\u00edper stand-up em Diadema\",\"Sacos com z\u00edper stand-up em promo\u00e7\u00e3o\",\"Sacos com z\u00edper stand-up em S\u00e3o Bernardo do Campo\",\"Sacos com z\u00edper stand-up em s\u00e3o paulo\",\"Sacos com z\u00edper stand-up em SBC\",\"Sacos com z\u00edper stand-up em sp\",\"Sacos com z\u00edper stand-up na Zona Sul\",\"Sacos com z\u00edper stand-up no ABC\",\"Sacos com z\u00edper stand-up no Tabo\u00e3o\",\"Sacos com z\u00edper stand-up perto de mim\",\"Sacos com z\u00edper stand-up pre\u00e7o\",\"Sacos com z\u00edper stand-up pr\u00f3ximo a mim\",\"Sacos laminados impressos direto da fabrica\",\"Sacos laminados impressos em Diadema\",\"Sacos laminados impressos em promo\u00e7\u00e3o\",\"Sacos laminados impressos em S\u00e3o Bernardo do Campo\",\"Sacos laminados impressos em s\u00e3o paulo\",\"Sacos laminados impressos em SBC\",\"Sacos laminados impressos em sp\",\"Sacos laminados impressos na Zona Sul\",\"Sacos laminados impressos no ABC\",\"Sacos laminados impressos no Tabo\u00e3o\",\"Sacos laminados impressos perto de mim\",\"Sacos laminados impressos pre\u00e7o\",\"Sacos laminados impressos pr\u00f3ximo a mim\",\"Sacos personalizados stand up direto da fabrica\",\"Sacos personalizados stand up em Diadema\",\"Sacos personalizados stand up em promo\u00e7\u00e3o\",\"Sacos personalizados stand up em S\u00e3o Bernardo do Campo\",\"Sacos personalizados stand up em s\u00e3o paulo\",\"Sacos personalizados stand up em SBC\",\"Sacos personalizados stand up em sp\",\"Sacos personalizados stand up na Zona Sul\",\"Sacos personalizados stand up no ABC\",\"Sacos personalizados stand up no Tabo\u00e3o\",\"Sacos personalizados stand up perto de mim\",\"Sacos personalizados stand up pre\u00e7o\",\"Sacos personalizados stand up pr\u00f3ximo a mim\",\"servi\u00e7o de Embalagens de alimentos\",\"servi\u00e7o de Embalagens laminadas\",\"servi\u00e7o de Embalagens laminadas ecol\u00f3gicas\",\"servi\u00e7o de Embalagens laminadas ressel\u00e1veis\",\"servi\u00e7o de Embalagens Laminadas Stand Up Pouch\",\"servi\u00e7o de Embalagens ziplock\",\"servi\u00e7o de Sacos com z\u00edper stand-up\",\"servi\u00e7o de Sacos laminados impressos\",\"servi\u00e7o de Sacos personalizados stand up\",\"servi\u00e7o de Solu\u00e7\u00f5es de embalagem flex\u00edvel\",\"Solu\u00e7\u00f5es de embalagem flex\u00edvel direto da fabrica\",\"Solu\u00e7\u00f5es de embalagem flex\u00edvel em Diadema\",\"Solu\u00e7\u00f5es de embalagem flex\u00edvel em promo\u00e7\u00e3o\",\"Solu\u00e7\u00f5es de embalagem flex\u00edvel em S\u00e3o Bernardo do Campo\",\"Solu\u00e7\u00f5es de embalagem flex\u00edvel em s\u00e3o paulo\",\"Solu\u00e7\u00f5es de embalagem flex\u00edvel em SBC\",\"Solu\u00e7\u00f5es de embalagem flex\u00edvel em sp\",\"Solu\u00e7\u00f5es de embalagem flex\u00edvel na Zona Sul\",\"Solu\u00e7\u00f5es de embalagem flex\u00edvel no ABC\",\"Solu\u00e7\u00f5es de embalagem flex\u00edvel no Tabo\u00e3o\",\"Solu\u00e7\u00f5es de embalagem flex\u00edvel perto de mim\",\"Solu\u00e7\u00f5es de embalagem flex\u00edvel pre\u00e7o\",\"Solu\u00e7\u00f5es de embalagem flex\u00edvel pr\u00f3ximo a mim\"],\"articleSection\":[\"Embalagens stand up pouch\"],\"inLanguage\":\"pt-BR\",\"potentialAction\":[{\"@type\":\"CommentAction\",\"name\":\"Comment\",\"target\":[\"https:\/\/www.selopack.com.br\/blog\/embalagens-stand-up-pouch\/embalagens-laminadas-stand-up-pouch-e-onde-compra-las\/#respond\"]}]},{\"@type\":\"WebPage\",\"@id\":\"https:\/\/www.selopack.com.br\/blog\/embalagens-stand-up-pouch\/embalagens-laminadas-stand-up-pouch-e-onde-compra-las\/\",\"url\":\"https:\/\/www.selopack.com.br\/blog\/embalagens-stand-up-pouch\/embalagens-laminadas-stand-up-pouch-e-onde-compra-las\/\",\"name\":\"Embalagens laminadas stand up pouch e onde compr\u00e1-las - Selopack\",\"isPartOf\":{\"@id\":\"https:\/\/www.selopack.com.br\/blog\/#website\"},\"primaryImageOfPage\":{\"@id\":\"https:\/\/www.selopack.com.br\/blog\/embalagens-stand-up-pouch\/embalagens-laminadas-stand-up-pouch-e-onde-compra-las\/#primaryimage\"},\"image\":{\"@id\":\"https:\/\/www.selopack.com.br\/blog\/embalagens-stand-up-pouch\/embalagens-laminadas-stand-up-pouch-e-onde-compra-las\/#primaryimage\"},\"thumbnailUrl\":\"https:\/\/www.selopack.com.br\/blog\/wp-content\/uploads\/2023\/09\/stand-up-pounche.jpg\",\"datePublished\":\"2023-09-06T17:11:44+00:00\",\"dateModified\":\"2023-09-06T17:24:13+00:00\",\"description\":\"Neste artigo, a Selopack traz um pouco do universo das embalagens laminadas stand up pouch, suas vantagens e benef\u00edcios. Confira!\",\"breadcrumb\":{\"@id\":\"https:\/\/www.selopack.com.br\/blog\/embalagens-stand-up-pouch\/embalagens-laminadas-stand-up-pouch-e-onde-compra-las\/#breadcrumb\"},\"inLanguage\":\"pt-BR\",\"potentialAction\":[{\"@type\":\"ReadAction\",\"target\":[\"https:\/\/www.selopack.com.br\/blog\/embalagens-stand-up-pouch\/embalagens-laminadas-stand-up-pouch-e-onde-compra-las\/\"]}]},{\"@type\":\"ImageObject\",\"inLanguage\":\"pt-BR\",\"@id\":\"https:\/\/www.selopack.com.br\/blog\/embalagens-stand-up-pouch\/embalagens-laminadas-stand-up-pouch-e-onde-compra-las\/#primaryimage\",\"url\":\"https:\/\/www.selopack.com.br\/blog\/wp-content\/uploads\/2023\/09\/stand-up-pounche.jpg\",\"contentUrl\":\"https:\/\/www.selopack.com.br\/blog\/wp-content\/uploads\/2023\/09\/stand-up-pounche.jpg\",\"width\":1000,\"height\":1000,\"caption\":\"Embalagens laminadas stand up pouch e onde compr\u00e1-las\"},{\"@type\":\"BreadcrumbList\",\"@id\":\"https:\/\/www.selopack.com.br\/blog\/embalagens-stand-up-pouch\/embalagens-laminadas-stand-up-pouch-e-onde-compra-las\/#breadcrumb\",\"itemListElement\":[{\"@type\":\"ListItem\",\"position\":1,\"name\":\"In\u00edcio\",\"item\":\"https:\/\/www.selopack.com.br\/blog\/\"},{\"@type\":\"ListItem\",\"position\":2,\"name\":\"Embalagens laminadas stand up pouch e onde compr\u00e1-las\"}]},{\"@type\":\"WebSite\",\"@id\":\"https:\/\/www.selopack.com.br\/blog\/#website\",\"url\":\"https:\/\/www.selopack.com.br\/blog\/\",\"name\":\"Selopack\",\"description\":\"Selopack Blog\",\"publisher\":{\"@id\":\"https:\/\/www.selopack.com.br\/blog\/#organization\"},\"potentialAction\":[{\"@type\":\"SearchAction\",\"target\":{\"@type\":\"EntryPoint\",\"urlTemplate\":\"https:\/\/www.selopack.com.br\/blog\/?s={search_term_string}\"},\"query-input\":{\"@type\":\"PropertyValueSpecification\",\"valueRequired\":true,\"valueName\":\"search_term_string\"}}],\"inLanguage\":\"pt-BR\"},{\"@type\":\"Organization\",\"@id\":\"https:\/\/www.selopack.com.br\/blog\/#organization\",\"name\":\"Selopack\",\"url\":\"https:\/\/www.selopack.com.br\/blog\/\",\"logo\":{\"@type\":\"ImageObject\",\"inLanguage\":\"pt-BR\",\"@id\":\"https:\/\/www.selopack.com.br\/blog\/#\/schema\/logo\/image\/\",\"url\":\"https:\/\/www.selopack.com.br\/blog\/wp-content\/uploads\/2023\/08\/logo.png\",\"contentUrl\":\"https:\/\/www.selopack.com.br\/blog\/wp-content\/uploads\/2023\/08\/logo.png\",\"width\":200,\"height\":80,\"caption\":\"Selopack\"},\"image\":{\"@id\":\"https:\/\/www.selopack.com.br\/blog\/#\/schema\/logo\/image\/\"}},{\"@type\":\"Person\",\"@id\":\"https:\/\/www.selopack.com.br\/blog\/#\/schema\/person\/3be1f1a8813bdca19485331225197583\",\"name\":\"admin\",\"image\":{\"@type\":\"ImageObject\",\"inLanguage\":\"pt-BR\",\"@id\":\"https:\/\/www.selopack.com.br\/blog\/#\/schema\/person\/image\/\",\"url\":\"https:\/\/secure.gravatar.com\/avatar\/3813f53848958b8842eeafda91666185a90010f65ed554379b78794cde6f234a?s=96&d=mm&r=g\",\"contentUrl\":\"https:\/\/secure.gravatar.com\/avatar\/3813f53848958b8842eeafda91666185a90010f65ed554379b78794cde6f234a?s=96&d=mm&r=g\",\"caption\":\"admin\"},\"sameAs\":[\"https:\/\/www.selopack.com.br\/blog\"],\"url\":\"https:\/\/www.selopack.com.br\/blog\/author\/admin\/\"}]}<\/script>\n<!-- \/ Yoast SEO plugin. -->","yoast_head_json":{"title":"Embalagens laminadas stand up pouch e onde compr\u00e1-las - Selopack","description":"Neste artigo, a Selopack traz um pouco do universo das embalagens laminadas stand up pouch, suas vantagens e benef\u00edcios. Confira!","robots":{"index":"noindex","follow":"follow","max-snippet":"max-snippet:-1","max-image-preview":"max-image-preview:large","max-video-preview":"max-video-preview:-1"},"og_locale":"pt_BR","og_type":"article","og_title":"Embalagens laminadas stand up pouch e onde compr\u00e1-las - Selopack","og_description":"Neste artigo, a Selopack traz um pouco do universo das embalagens laminadas stand up pouch, suas vantagens e benef\u00edcios. Confira!","og_url":"https:\/\/www.selopack.com.br\/blog\/embalagens-stand-up-pouch\/embalagens-laminadas-stand-up-pouch-e-onde-compra-las\/","og_site_name":"Selopack","article_published_time":"2023-09-06T17:11:44+00:00","article_modified_time":"2023-09-06T17:24:13+00:00","og_image":[{"width":1000,"height":1000,"url":"https:\/\/www.selopack.com.br\/blog\/wp-content\/uploads\/2023\/09\/stand-up-pounche.jpg","type":"image\/jpeg"}],"author":"admin","twitter_card":"summary_large_image","twitter_misc":{"Escrito por":"admin","Est. tempo de leitura":"3 minutos"},"schema":{"@context":"https:\/\/schema.org","@graph":[{"@type":"Article","@id":"https:\/\/www.selopack.com.br\/blog\/embalagens-stand-up-pouch\/embalagens-laminadas-stand-up-pouch-e-onde-compra-las\/#article","isPartOf":{"@id":"https:\/\/www.selopack.com.br\/blog\/embalagens-stand-up-pouch\/embalagens-laminadas-stand-up-pouch-e-onde-compra-las\/"},"author":{"name":"admin","@id":"https:\/\/www.selopack.com.br\/blog\/#\/schema\/person\/3be1f1a8813bdca19485331225197583"},"headline":"Embalagens laminadas stand up pouch e onde compr\u00e1-las","datePublished":"2023-09-06T17:11:44+00:00","dateModified":"2023-09-06T17:24:13+00:00","mainEntityOfPage":{"@id":"https:\/\/www.selopack.com.br\/blog\/embalagens-stand-up-pouch\/embalagens-laminadas-stand-up-pouch-e-onde-compra-las\/"},"wordCount":489,"commentCount":0,"publisher":{"@id":"https:\/\/www.selopack.com.br\/blog\/#organization"},"image":{"@id":"https:\/\/www.selopack.com.br\/blog\/embalagens-stand-up-pouch\/embalagens-laminadas-stand-up-pouch-e-onde-compra-las\/#primaryimage"},"thumbnailUrl":"https:\/\/www.selopack.com.br\/blog\/wp-content\/uploads\/2023\/09\/stand-up-pounche.jpg","keywords":["comprar Embalagens de alimentos","comprar Embalagens laminadas","comprar Embalagens laminadas ecol\u00f3gicas","comprar Embalagens laminadas ressel\u00e1veis","comprar Embalagens Laminadas Stand Up Pouch","comprar Embalagens ziplock","comprar Sacos com z\u00edper stand-up","comprar Sacos laminados impressos","comprar Sacos personalizados stand up","comprar Solu\u00e7\u00f5es de embalagem flex\u00edvel","distribuidor de Embalagens de alimentos","distribuidor de Embalagens laminadas","distribuidor de Embalagens laminadas ecol\u00f3gicas","distribuidor de Embalagens laminadas ressel\u00e1veis","distribuidor de Embalagens Laminadas Stand Up Pouch","distribuidor de Embalagens ziplock","distribuidor de Sacos com z\u00edper stand-up","distribuidor de Sacos laminados impressos","distribuidor de Sacos personalizados stand up","distribuidor de Solu\u00e7\u00f5es de embalagem flex\u00edvel","distribuidora de Embalagens de alimentos","distribuidora de Embalagens laminadas","distribuidora de Embalagens laminadas ecol\u00f3gicas","distribuidora de Embalagens laminadas ressel\u00e1veis","distribuidora de Embalagens Laminadas Stand Up Pouch","distribuidora de Embalagens ziplock","distribuidora de Sacos com z\u00edper stand-up","distribuidora de Sacos laminados impressos","distribuidora de Sacos personalizados stand up","distribuidora de Solu\u00e7\u00f5es de embalagem flex\u00edvel","Embalagens de alimentos direto da fabrica","Embalagens de alimentos em Diadema","Embalagens de alimentos em promo\u00e7\u00e3o","Embalagens de alimentos em S\u00e3o Bernardo do Campo","Embalagens de alimentos em s\u00e3o paulo","Embalagens de alimentos em SBC","Embalagens de alimentos em sp","Embalagens de alimentos na Zona Sul","Embalagens de alimentos no ABC","Embalagens de alimentos no Tabo\u00e3o","Embalagens de alimentos perto de mim","Embalagens de alimentos pre\u00e7o","Embalagens de alimentos pr\u00f3ximo a mim","Embalagens laminadas direto da fabrica","Embalagens laminadas ecol\u00f3gicas direto da fabrica","Embalagens laminadas ecol\u00f3gicas em Diadema","Embalagens laminadas ecol\u00f3gicas em promo\u00e7\u00e3o","Embalagens laminadas ecol\u00f3gicas em S\u00e3o Bernardo do Campo","Embalagens laminadas ecol\u00f3gicas em s\u00e3o paulo","Embalagens laminadas ecol\u00f3gicas em SBC","Embalagens laminadas ecol\u00f3gicas em sp","Embalagens laminadas ecol\u00f3gicas na Zona Sul","Embalagens laminadas ecol\u00f3gicas no ABC","Embalagens laminadas ecol\u00f3gicas no Tabo\u00e3o","Embalagens laminadas ecol\u00f3gicas perto de mim","Embalagens laminadas ecol\u00f3gicas pre\u00e7o","Embalagens laminadas ecol\u00f3gicas pr\u00f3ximo a mim","Embalagens laminadas em Diadema","Embalagens laminadas em promo\u00e7\u00e3o","Embalagens laminadas em S\u00e3o Bernardo do Campo","Embalagens laminadas em s\u00e3o paulo","Embalagens laminadas em SBC","Embalagens laminadas em sp","Embalagens laminadas na Zona Sul","Embalagens laminadas no ABC","Embalagens laminadas no Tabo\u00e3o","Embalagens laminadas perto de mim","Embalagens laminadas pre\u00e7o","Embalagens laminadas pr\u00f3ximo a mim","Embalagens laminadas ressel\u00e1veis direto da fabrica","Embalagens laminadas ressel\u00e1veis em Diadema","Embalagens laminadas ressel\u00e1veis em promo\u00e7\u00e3o","Embalagens laminadas ressel\u00e1veis em S\u00e3o Bernardo do Campo","Embalagens laminadas ressel\u00e1veis em s\u00e3o paulo","Embalagens laminadas ressel\u00e1veis em SBC","Embalagens laminadas ressel\u00e1veis em sp","Embalagens laminadas ressel\u00e1veis na Zona Sul","Embalagens laminadas ressel\u00e1veis no ABC","Embalagens laminadas ressel\u00e1veis no Tabo\u00e3o","Embalagens laminadas ressel\u00e1veis perto de mim","Embalagens laminadas ressel\u00e1veis pre\u00e7o","Embalagens laminadas ressel\u00e1veis pr\u00f3ximo a mim","Embalagens Laminadas Stand Up Pouch direto da fabrica","Embalagens Laminadas Stand Up Pouch em Diadema","Embalagens Laminadas Stand Up Pouch em promo\u00e7\u00e3o","Embalagens Laminadas Stand Up Pouch em S\u00e3o Bernardo do Campo","Embalagens Laminadas Stand Up Pouch em s\u00e3o paulo","Embalagens Laminadas Stand Up Pouch em SBC","Embalagens Laminadas Stand Up Pouch em sp","Embalagens Laminadas Stand Up Pouch na Zona Sul","Embalagens Laminadas Stand Up Pouch no ABC","Embalagens Laminadas Stand Up Pouch no Tabo\u00e3o","Embalagens Laminadas Stand Up Pouch perto de mim","Embalagens Laminadas Stand Up Pouch pre\u00e7o","Embalagens Laminadas Stand Up Pouch pr\u00f3ximo a mim","Embalagens ziplock direto da fabrica","Embalagens ziplock em Diadema","Embalagens ziplock em promo\u00e7\u00e3o","Embalagens ziplock em S\u00e3o Bernardo do Campo","Embalagens ziplock em s\u00e3o paulo","Embalagens ziplock em SBC","Embalagens ziplock em sp","Embalagens ziplock na Zona Sul","Embalagens ziplock no ABC","Embalagens ziplock no Tabo\u00e3o","Embalagens ziplock perto de mim","Embalagens ziplock pre\u00e7o","Embalagens ziplock pr\u00f3ximo a mim","empresa de Embalagens de alimentos","empresa de Embalagens laminadas","empresa de Embalagens laminadas ecol\u00f3gicas","empresa de Embalagens laminadas ressel\u00e1veis","empresa de Embalagens Laminadas Stand Up Pouch","empresa de Embalagens ziplock","empresa de Sacos com z\u00edper stand-up","empresa de Sacos laminados impressos","empresa de Sacos personalizados stand up","empresa de Solu\u00e7\u00f5es de embalagem flex\u00edvel","f\u00e1brica de Embalagens de alimentos","f\u00e1brica de Embalagens laminadas","f\u00e1brica de Embalagens laminadas ecol\u00f3gicas","f\u00e1brica de Embalagens laminadas ressel\u00e1veis","f\u00e1brica de Embalagens Laminadas Stand Up Pouch","f\u00e1brica de Embalagens ziplock","f\u00e1brica de Sacos com z\u00edper stand-up","f\u00e1brica de Sacos laminados impressos","f\u00e1brica de Sacos personalizados stand up","f\u00e1brica de Solu\u00e7\u00f5es de embalagem flex\u00edvel","fabricante de Embalagens de alimentos","fabricante de Embalagens laminadas","fabricante de Embalagens laminadas ecol\u00f3gicas","fabricante de Embalagens laminadas ressel\u00e1veis","fabricante de Embalagens Laminadas Stand Up Pouch","fabricante de Embalagens ziplock","fabricante de Sacos com z\u00edper stand-up","fabricante de Sacos laminados impressos","fabricante de Sacos personalizados stand up","fabricante de Solu\u00e7\u00f5es de embalagem flex\u00edvel","fornecedor de Embalagens de alimentos","fornecedor de Embalagens laminadas","fornecedor de Embalagens laminadas ecol\u00f3gicas","fornecedor de Embalagens laminadas ressel\u00e1veis","fornecedor de Embalagens Laminadas Stand Up Pouch","fornecedor de Embalagens ziplock","fornecedor de Sacos com z\u00edper stand-up","fornecedor de Sacos laminados impressos","fornecedor de Sacos personalizados stand up","fornecedor de Solu\u00e7\u00f5es de embalagem flex\u00edvel","loja de Embalagens de alimentos","loja de Embalagens laminadas","loja de Embalagens laminadas ecol\u00f3gicas","loja de Embalagens laminadas ressel\u00e1veis","loja de Embalagens Laminadas Stand Up Pouch","loja de Embalagens ziplock","loja de Sacos com z\u00edper stand-up","loja de Sacos laminados impressos","loja de Sacos personalizados stand up","loja de Solu\u00e7\u00f5es de embalagem flex\u00edvel","onde encontrar Embalagens de alimentos","onde encontrar Embalagens laminadas","onde encontrar Embalagens laminadas ecol\u00f3gicas","onde encontrar Embalagens laminadas ressel\u00e1veis","onde encontrar Embalagens Laminadas Stand Up Pouch","onde encontrar Embalagens ziplock","onde encontrar Sacos com z\u00edper stand-up","onde encontrar Sacos laminados impressos","onde encontrar Solu\u00e7\u00f5es de embalagem flex\u00edvel","revendedor de Embalagens de alimentos","revendedor de Embalagens laminadas","revendedor de Embalagens laminadas ecol\u00f3gicas","revendedor de Embalagens laminadas ressel\u00e1veis","revendedor de Embalagens Laminadas Stand Up Pouch","revendedor de Embalagens ziplock","revendedor de Sacos com z\u00edper stand-up","revendedor de Sacos laminados impressos","revendedor de Sacos personalizados stand up","revendedor de Solu\u00e7\u00f5es de embalagem flex\u00edvel","Sacos com z\u00edper stand-up direto da fabrica","Sacos com z\u00edper stand-up em Diadema","Sacos com z\u00edper stand-up em promo\u00e7\u00e3o","Sacos com z\u00edper stand-up em S\u00e3o Bernardo do Campo","Sacos com z\u00edper stand-up em s\u00e3o paulo","Sacos com z\u00edper stand-up em SBC","Sacos com z\u00edper stand-up em sp","Sacos com z\u00edper stand-up na Zona Sul","Sacos com z\u00edper stand-up no ABC","Sacos com z\u00edper stand-up no Tabo\u00e3o","Sacos com z\u00edper stand-up perto de mim","Sacos com z\u00edper stand-up pre\u00e7o","Sacos com z\u00edper stand-up pr\u00f3ximo a mim","Sacos laminados impressos direto da fabrica","Sacos laminados impressos em Diadema","Sacos laminados impressos em promo\u00e7\u00e3o","Sacos laminados impressos em S\u00e3o Bernardo do Campo","Sacos laminados impressos em s\u00e3o paulo","Sacos laminados impressos em SBC","Sacos laminados impressos em sp","Sacos laminados impressos na Zona Sul","Sacos laminados impressos no ABC","Sacos laminados impressos no Tabo\u00e3o","Sacos laminados impressos perto de mim","Sacos laminados impressos pre\u00e7o","Sacos laminados impressos pr\u00f3ximo a mim","Sacos personalizados stand up direto da fabrica","Sacos personalizados stand up em Diadema","Sacos personalizados stand up em promo\u00e7\u00e3o","Sacos personalizados stand up em S\u00e3o Bernardo do Campo","Sacos personalizados stand up em s\u00e3o paulo","Sacos personalizados stand up em SBC","Sacos personalizados stand up em sp","Sacos personalizados stand up na Zona Sul","Sacos personalizados stand up no ABC","Sacos personalizados stand up no Tabo\u00e3o","Sacos personalizados stand up perto de mim","Sacos personalizados stand up pre\u00e7o","Sacos personalizados stand up pr\u00f3ximo a mim","servi\u00e7o de Embalagens de alimentos","servi\u00e7o de Embalagens laminadas","servi\u00e7o de Embalagens laminadas ecol\u00f3gicas","servi\u00e7o de Embalagens laminadas ressel\u00e1veis","servi\u00e7o de Embalagens Laminadas Stand Up Pouch","servi\u00e7o de Embalagens ziplock","servi\u00e7o de Sacos com z\u00edper stand-up","servi\u00e7o de Sacos laminados impressos","servi\u00e7o de Sacos personalizados stand up","servi\u00e7o de Solu\u00e7\u00f5es de embalagem flex\u00edvel","Solu\u00e7\u00f5es de embalagem flex\u00edvel direto da fabrica","Solu\u00e7\u00f5es de embalagem flex\u00edvel em Diadema","Solu\u00e7\u00f5es de embalagem flex\u00edvel em promo\u00e7\u00e3o","Solu\u00e7\u00f5es de embalagem flex\u00edvel em S\u00e3o Bernardo do Campo","Solu\u00e7\u00f5es de embalagem flex\u00edvel em s\u00e3o paulo","Solu\u00e7\u00f5es de embalagem flex\u00edvel em SBC","Solu\u00e7\u00f5es de embalagem flex\u00edvel em sp","Solu\u00e7\u00f5es de embalagem flex\u00edvel na Zona Sul","Solu\u00e7\u00f5es de embalagem flex\u00edvel no ABC","Solu\u00e7\u00f5es de embalagem flex\u00edvel no Tabo\u00e3o","Solu\u00e7\u00f5es de embalagem flex\u00edvel perto de mim","Solu\u00e7\u00f5es de embalagem flex\u00edvel pre\u00e7o","Solu\u00e7\u00f5es de embalagem flex\u00edvel pr\u00f3ximo a mim"],"articleSection":["Embalagens stand up pouch"],"inLanguage":"pt-BR","potentialAction":[{"@type":"CommentAction","name":"Comment","target":["https:\/\/www.selopack.com.br\/blog\/embalagens-stand-up-pouch\/embalagens-laminadas-stand-up-pouch-e-onde-compra-las\/#respond"]}]},{"@type":"WebPage","@id":"https:\/\/www.selopack.com.br\/blog\/embalagens-stand-up-pouch\/embalagens-laminadas-stand-up-pouch-e-onde-compra-las\/","url":"https:\/\/www.selopack.com.br\/blog\/embalagens-stand-up-pouch\/embalagens-laminadas-stand-up-pouch-e-onde-compra-las\/","name":"Embalagens laminadas stand up pouch e onde compr\u00e1-las - Selopack","isPartOf":{"@id":"https:\/\/www.selopack.com.br\/blog\/#website"},"primaryImageOfPage":{"@id":"https:\/\/www.selopack.com.br\/blog\/embalagens-stand-up-pouch\/embalagens-laminadas-stand-up-pouch-e-onde-compra-las\/#primaryimage"},"image":{"@id":"https:\/\/www.selopack.com.br\/blog\/embalagens-stand-up-pouch\/embalagens-laminadas-stand-up-pouch-e-onde-compra-las\/#primaryimage"},"thumbnailUrl":"https:\/\/www.selopack.com.br\/blog\/wp-content\/uploads\/2023\/09\/stand-up-pounche.jpg","datePublished":"2023-09-06T17:11:44+00:00","dateModified":"2023-09-06T17:24:13+00:00","description":"Neste artigo, a Selopack traz um pouco do universo das embalagens laminadas stand up pouch, suas vantagens e benef\u00edcios. Confira!","breadcrumb":{"@id":"https:\/\/www.selopack.com.br\/blog\/embalagens-stand-up-pouch\/embalagens-laminadas-stand-up-pouch-e-onde-compra-las\/#breadcrumb"},"inLanguage":"pt-BR","potentialAction":[{"@type":"ReadAction","target":["https:\/\/www.selopack.com.br\/blog\/embalagens-stand-up-pouch\/embalagens-laminadas-stand-up-pouch-e-onde-compra-las\/"]}]},{"@type":"ImageObject","inLanguage":"pt-BR","@id":"https:\/\/www.selopack.com.br\/blog\/embalagens-stand-up-pouch\/embalagens-laminadas-stand-up-pouch-e-onde-compra-las\/#primaryimage","url":"https:\/\/www.selopack.com.br\/blog\/wp-content\/uploads\/2023\/09\/stand-up-pounche.jpg","contentUrl":"https:\/\/www.selopack.com.br\/blog\/wp-content\/uploads\/2023\/09\/stand-up-pounche.jpg","width":1000,"height":1000,"caption":"Embalagens laminadas stand up pouch e onde compr\u00e1-las"},{"@type":"BreadcrumbList","@id":"https:\/\/www.selopack.com.br\/blog\/embalagens-stand-up-pouch\/embalagens-laminadas-stand-up-pouch-e-onde-compra-las\/#breadcrumb","itemListElement":[{"@type":"ListItem","position":1,"name":"In\u00edcio","item":"https:\/\/www.selopack.com.br\/blog\/"},{"@type":"ListItem","position":2,"name":"Embalagens laminadas stand up pouch e onde compr\u00e1-las"}]},{"@type":"WebSite","@id":"https:\/\/www.selopack.com.br\/blog\/#website","url":"https:\/\/www.selopack.com.br\/blog\/","name":"Selopack","description":"Selopack Blog","publisher":{"@id":"https:\/\/www.selopack.com.br\/blog\/#organization"},"potentialAction":[{"@type":"SearchAction","target":{"@type":"EntryPoint","urlTemplate":"https:\/\/www.selopack.com.br\/blog\/?s={search_term_string}"},"query-input":{"@type":"PropertyValueSpecification","valueRequired":true,"valueName":"search_term_string"}}],"inLanguage":"pt-BR"},{"@type":"Organization","@id":"https:\/\/www.selopack.com.br\/blog\/#organization","name":"Selopack","url":"https:\/\/www.selopack.com.br\/blog\/","logo":{"@type":"ImageObject","inLanguage":"pt-BR","@id":"https:\/\/www.selopack.com.br\/blog\/#\/schema\/logo\/image\/","url":"https:\/\/www.selopack.com.br\/blog\/wp-content\/uploads\/2023\/08\/logo.png","contentUrl":"https:\/\/www.selopack.com.br\/blog\/wp-content\/uploads\/2023\/08\/logo.png","width":200,"height":80,"caption":"Selopack"},"image":{"@id":"https:\/\/www.selopack.com.br\/blog\/#\/schema\/logo\/image\/"}},{"@type":"Person","@id":"https:\/\/www.selopack.com.br\/blog\/#\/schema\/person\/3be1f1a8813bdca19485331225197583","name":"admin","image":{"@type":"ImageObject","inLanguage":"pt-BR","@id":"https:\/\/www.selopack.com.br\/blog\/#\/schema\/person\/image\/","url":"https:\/\/secure.gravatar.com\/avatar\/3813f53848958b8842eeafda91666185a90010f65ed554379b78794cde6f234a?s=96&d=mm&r=g","contentUrl":"https:\/\/secure.gravatar.com\/avatar\/3813f53848958b8842eeafda91666185a90010f65ed554379b78794cde6f234a?s=96&d=mm&r=g","caption":"admin"},"sameAs":["https:\/\/www.selopack.com.br\/blog"],"url":"https:\/\/www.selopack.com.br\/blog\/author\/admin\/"}]}},"_links":{"self":[{"href":"https:\/\/www.selopack.com.br\/blog\/wp-json\/wp\/v2\/posts\/21","targetHints":{"allow":["GET"]}}],"collection":[{"href":"https:\/\/www.selopack.com.br\/blog\/wp-json\/wp\/v2\/posts"}],"about":[{"href":"https:\/\/www.selopack.com.br\/blog\/wp-json\/wp\/v2\/types\/post"}],"author":[{"embeddable":true,"href":"https:\/\/www.selopack.com.br\/blog\/wp-json\/wp\/v2\/users\/2"}],"replies":[{"embeddable":true,"href":"https:\/\/www.selopack.com.br\/blog\/wp-json\/wp\/v2\/comments?post=21"}],"version-history":[{"count":1,"href":"https:\/\/www.selopack.com.br\/blog\/wp-json\/wp\/v2\/posts\/21\/revisions"}],"predecessor-version":[{"id":25,"href":"https:\/\/www.selopack.com.br\/blog\/wp-json\/wp\/v2\/posts\/21\/revisions\/25"}],"wp:featuredmedia":[{"embeddable":true,"href":"https:\/\/www.selopack.com.br\/blog\/wp-json\/wp\/v2\/media\/22"}],"wp:attachment":[{"href":"https:\/\/www.selopack.com.br\/blog\/wp-json\/wp\/v2\/media?parent=21"}],"wp:term":[{"taxonomy":"category","embeddable":true,"href":"https:\/\/www.selopack.com.br\/blog\/wp-json\/wp\/v2\/categories?post=21"},{"taxonomy":"post_tag","embeddable":true,"href":"https:\/\/www.selopack.com.br\/blog\/wp-json\/wp\/v2\/tags?post=21"}],"curies":[{"name":"wp","href":"https:\/\/api.w.org\/{rel}","templated":true}]}}